{"id":24892,"date":"2025-03-06T18:58:20","date_gmt":"2025-03-06T18:58:20","guid":{"rendered":"https:\/\/radiocresatelital.com\/?p=24892"},"modified":"2025-03-06T18:58:20","modified_gmt":"2025-03-06T18:58:20","slug":"asi-se-valida-el-certificado-medico-de-manera-digital","status":"publish","type":"post","link":"https:\/\/radiocresatelital.com\/?p=24892","title":{"rendered":"As\u00ed se valida el certificado m\u00e9dico de manera digital"},"content":{"rendered":"<p>Quito.- Si eres afiliado bajo relaci\u00f3n de dependencia y tienes un certificado m\u00e9dico de reposo emitido por un profesional particular que est\u00e1 firmado de manera electr\u00f3nica el tr\u00e1mite de validaci\u00f3n es \u00fanicamente en l\u00ednea, a trav\u00e9s de la p\u00e1gina web www.iess.gob.ec y en este caso no se realiza de manera presencial.<\/p>\n<p>La validaci\u00f3n de los certificados m\u00e9dicos permite verificar que el diagn\u00f3stico tenga concordancia con el tiempo de reposo otorgado por el m\u00e9dico.<\/p>\n<p>Es importante tener en cuenta que el certificado m\u00e9dico se emite \u00fanicamente para el afiliado en relaci\u00f3n de dependencia, no para afiliados voluntarios, asegurados, ni menores de edad, jubilados, tampoco afiliados del Seguro Social Campesino ni extensiones de cobertura ni dependientes.<\/p>\n<p>Esta es la forma correcta de validar el certificado para justificar tu ausencia temporal en el trabajo.<br \/>\n1. Ingresa a www.iess.gob.ec, elige Tr\u00e1mites Virtuales<br \/>\n2. Selecciona la opci\u00f3n Afiliados y elige el \u00edcono Validaci\u00f3n de Certificados M\u00e9dicos<br \/>\nLink: https:\/\/app.iess.gob.ec\/iess-gestion-virtualizacion-afiliado-web\/app\/index<br \/>\n3. Ingresa tu n\u00famero de c\u00e9dula y clave personal.<br \/>\n4. Registra el certificado m\u00e9dico (de 1 a 30 d\u00edas de reposo) emitido por establecimientos de salud de la Red Interna, Red Publica Integral de Salud y Red Privada Complementaria.<\/p>\n<p>Es importante tomar en cuenta que en la plataforma s\u00f3lo se deben cargar certificados originales firmados de manera electr\u00f3nica para validar la firma del profesional. No se aceptan fotos o escaneos.<\/p>\n<p>Se exigen los mismos requisitos que para un documento presentado de manera presencial f\u00edsica, por ejemplo, para casos de COVID19 debe ser cargado tambi\u00e9n el resultado de la prueba y para casos de maternidad se debe cargar el certificado de nacido vivo y partida de nacimiento.<\/p>\n<p><strong>Requisitos<\/strong><br \/>\n1. Clave de acceso al portal IESS<br \/>\n2. C\u00e9dula de identidad<\/p>\n<p>NOTA: C\u00f3digo de identificaci\u00f3n para extranjeros que aplica para ciudadanos extranjeros que no tienen c\u00e9dula de identidad, siempre y cuando se encuentren registrados o afiliados en el IESS<\/p>\n<p>3. Certificado m\u00e9dico original<br \/>\n4. Debe ingresar la documentaci\u00f3n digitalizada en formato PDF y con firma digital del m\u00e9dico.<\/p>\n<p><strong>Seguimiento de la validaci\u00f3n<\/strong><br \/>\nLa plataforma est\u00e1 abierta 24\/7 y el primer paso es cargar los documentos, lo que no quiere decir que ya est\u00e1 validado. Su estado es \u00abpendiente de validaci\u00f3n\u00bb hasta que el m\u00e9dico de la unidad que el afiliado escoge realiza la validaci\u00f3n o el rechazo del documento.<\/p>\n<p>En ambos casos, si se acepta o rechaza el certificado, el sistema emite c\u00f3digos QR. No hay tiempos espec\u00edficos para la validaci\u00f3n. El afiliado debe hacer el seguimiento necesario para saber si ya est\u00e1 o no validado. Siga estos pasos:<\/p>\n<p>\uf0b7 Ingresa a la p\u00e1gina web www.iess.gob.ec<br \/>\n\uf0b7 Inicia sesi\u00f3n con tu usuario y contrase\u00f1a<br \/>\n\uf0b7 Ingresa a Consultas Certificados M\u00e9dicos y ver el Estado del Certificado que carg\u00f3 en l\u00ednea, si es que esta aceptado o rechazado.<br \/>\n\uf0b7 La \u00fanica manera de verificaci\u00f3n es que el afiliado revise peri\u00f3dicamente si el tr\u00e1mite ya est\u00e1 o no aceptado.<\/p>\n","protected":false},"excerpt":{"rendered":"<p>Quito.- Si eres afiliado bajo relaci\u00f3n de dependencia y tienes un certificado m\u00e9dico de reposo emitido por un profesional particular que est\u00e1 firmado de manera electr\u00f3nica el tr\u00e1mite de validaci\u00f3n es \u00fanicamente en l\u00ednea, a trav\u00e9s de la p\u00e1gina web www.iess.gob.ec y en este caso no se realiza de manera presencial. La validaci\u00f3n de los [&hellip;]<\/p>\n","protected":false},"author":2,"featured_media":24893,"comment_status":"open","ping_status":"closed","sticky":false,"template":"","format":"standard","meta":{"_jetpack_memberships_contains_paid_content":false,"footnotes":""},"categories":[13],"tags":[440],"class_list":["post-24892","post","type-post","status-publish","format-standard","has-post-thumbnail","hentry","category-noticias-nacionales","tag-iess"],"jetpack_featured_media_url":"https:\/\/radiocresatelital.com\/wp-content\/uploads\/2025\/03\/WhatsApp-Image-2025-03-06-at-10.35.35.jpeg","jetpack_sharing_enabled":true,"_links":{"self":[{"href":"https:\/\/radiocresatelital.com\/index.php?rest_route=\/wp\/v2\/posts\/24892","targetHints":{"allow":["GET"]}}],"collection":[{"href":"https:\/\/radiocresatelital.com\/index.php?rest_route=\/wp\/v2\/posts"}],"about":[{"href":"https:\/\/radiocresatelital.com\/index.php?rest_route=\/wp\/v2\/types\/post"}],"author":[{"embeddable":true,"href":"https:\/\/radiocresatelital.com\/index.php?rest_route=\/wp\/v2\/users\/2"}],"replies":[{"embeddable":true,"href":"https:\/\/radiocresatelital.com\/index.php?rest_route=%2Fwp%2Fv2%2Fcomments&post=24892"}],"version-history":[{"count":1,"href":"https:\/\/radiocresatelital.com\/index.php?rest_route=\/wp\/v2\/posts\/24892\/revisions"}],"predecessor-version":[{"id":24894,"href":"https:\/\/radiocresatelital.com\/index.php?rest_route=\/wp\/v2\/posts\/24892\/revisions\/24894"}],"wp:featuredmedia":[{"embeddable":true,"href":"https:\/\/radiocresatelital.com\/index.php?rest_route=\/wp\/v2\/media\/24893"}],"wp:attachment":[{"href":"https:\/\/radiocresatelital.com\/index.php?rest_route=%2Fwp%2Fv2%2Fmedia&parent=24892"}],"wp:term":[{"taxonomy":"category","embeddable":true,"href":"https:\/\/radiocresatelital.com\/index.php?rest_route=%2Fwp%2Fv2%2Fcategories&post=24892"},{"taxonomy":"post_tag","embeddable":true,"href":"https:\/\/radiocresatelital.com\/index.php?rest_route=%2Fwp%2Fv2%2Ftags&post=24892"}],"curies":[{"name":"wp","href":"https:\/\/api.w.org\/{rel}","templated":true}]}}