{"id":24889,"date":"2025-03-06T18:41:01","date_gmt":"2025-03-06T18:41:01","guid":{"rendered":"https:\/\/radiocresatelital.com\/?p=24889"},"modified":"2025-03-06T18:41:01","modified_gmt":"2025-03-06T18:41:01","slug":"duelo-inedito-ecuador-vs-bosnia-herzegovina-por-copa-davis-en-septiembreduelo-inedito-ecuador-vs-bosnia-herzegovina-por-copa-davis-en-septiembre","status":"publish","type":"post","link":"https:\/\/radiocresatelital.com\/?p=24889","title":{"rendered":"Duelo in\u00e9dito, Ecuador vs Bosnia &#038; Herzegovina por Copa Davis en septiembreDuelo in\u00e9dito, Ecuador vs Bosnia &#038; Herzegovina por Copa Davis en septiembre"},"content":{"rendered":"<p>Guayaquil.- Ecuador enfrentar\u00e1 a Bosnia &amp; Herzegovina, de local por las eliminatorias del Grupo Mundial I de la Copa Davis el 12 y 13 \u00f3 el 13 y 14 de septiembre de 2025, seg\u00fan se determin\u00f3 hoy en el sorteo de las llaves de este grupo.<\/p>\n<p>La local\u00eda se defini\u00f3 por sorteo, que se realiz\u00f3 hoy jueves en Londres, ya que ambas naciones nunca se han enfrentado por Copa Davis por lo que este \u201cduelo\u201d ser\u00e1 in\u00e9dito. Los pa\u00edses anfitriones podr\u00e1n elegir la fecha.<\/p>\n<p>Adem\u00e1s, en el sorteo se defini\u00f3 que Colombia visitar\u00e1 a Eslovaquia; Brasil a Grecia; y, Per\u00fa har\u00e1 de local ante Portugal, y Chile esperar\u00e1 a Luxemburgo.<\/p>\n<p>Las 13 naciones que ganen avanzar\u00e1n a la primera ronda de los Qualifiers de 2026, con la posibilidad de ganar el t\u00edtulo de la Copa Davis 2026.<\/p>\n<p>Las eliminatorias del Grupo Mundial I se disputar\u00e1n el 12 y 13 o el 13 y 14 de septiembre de 2025, el mismo fin de semana que la segunda ronda de los Qualifiers, en la que 14 naciones competir\u00e1n para asegurarse un lugar en la Final 8 de la Copa Davis 2025 en Bolonia del 18 al 23 de noviembre.<\/p>\n<p>Todas las eliminatorias de la segunda ronda de los Qualifiers, as\u00ed como las del Grupo Mundial I y del Grupo Mundial II se jugar\u00e1n al mejor de cinco partidos, con dos partidos individuales el primer d\u00eda, seguido del partido de dobles y los dos partidos individuales inversos el segundo d\u00eda. Todos los partidos se jugar\u00e1n al mejor de tres sets con desempate.<\/p>\n<p>AS\u00cd QUEDARON LAS LLAVES DEL GRUPO MUNDIAL 1<br \/>\nCanad\u00e1 (1) (c) v Israel<br \/>\nBulgaria (c) v Finlandia (2)<br \/>\nSerbia (3) (c) v Turqu\u00eda<br \/>\nPolonia (c) v Gran Breta\u00f1a (4)<br \/>\nChile (5) (c)* v Luxemburgo<br \/>\nGrecia (c)* v Brasil (6)<br \/>\nEslovaquia (7) (c)* v Colombia<br \/>\nRep\u00fablica de Corea (8) (c) v Kazajist\u00e1n<br \/>\nSuiza (9) (c) v India<br \/>\nSuecia (10) (c) v T\u00fanez<br \/>\nPer\u00fa (c)* v Portugal (11)<br \/>\nTaipei Chino (12) (c)* v Noruega<br \/>\nECUADOR (C)* V BOSNIA Y HERZEGOVINA (13)<\/p>\n<p>(#) = cabeza de serie; (c) = elecci\u00f3n de sede; * = elecci\u00f3n de sede decidida por sorteo<\/p>\n","protected":false},"excerpt":{"rendered":"<p>Guayaquil.- Ecuador enfrentar\u00e1 a Bosnia &amp; Herzegovina, de local por las eliminatorias del Grupo Mundial I de la Copa Davis el 12 y 13 \u00f3 el 13 y 14 de septiembre de 2025, seg\u00fan se determin\u00f3 hoy en el sorteo de las llaves de este grupo. La local\u00eda se defini\u00f3 por sorteo, que se realiz\u00f3 [&hellip;]<\/p>\n","protected":false},"author":2,"featured_media":24890,"comment_status":"open","ping_status":"closed","sticky":false,"template":"","format":"standard","meta":{"_jetpack_memberships_contains_paid_content":false,"footnotes":""},"categories":[736,9],"tags":[3912,695,418],"class_list":["post-24889","post","type-post","status-publish","format-standard","has-post-thumbnail","hentry","category-copa-davis","category-deportes","tag-bosnia-herzegovina","tag-copa-davis","tag-ecuador"],"jetpack_featured_media_url":"https:\/\/radiocresatelital.com\/wp-content\/uploads\/2025\/03\/WhatsApp-Image-2025-03-06-at-06.59.31.jpeg","jetpack_sharing_enabled":true,"_links":{"self":[{"href":"https:\/\/radiocresatelital.com\/index.php?rest_route=\/wp\/v2\/posts\/24889","targetHints":{"allow":["GET"]}}],"collection":[{"href":"https:\/\/radiocresatelital.com\/index.php?rest_route=\/wp\/v2\/posts"}],"about":[{"href":"https:\/\/radiocresatelital.com\/index.php?rest_route=\/wp\/v2\/types\/post"}],"author":[{"embeddable":true,"href":"https:\/\/radiocresatelital.com\/index.php?rest_route=\/wp\/v2\/users\/2"}],"replies":[{"embeddable":true,"href":"https:\/\/radiocresatelital.com\/index.php?rest_route=%2Fwp%2Fv2%2Fcomments&post=24889"}],"version-history":[{"count":1,"href":"https:\/\/radiocresatelital.com\/index.php?rest_route=\/wp\/v2\/posts\/24889\/revisions"}],"predecessor-version":[{"id":24891,"href":"https:\/\/radiocresatelital.com\/index.php?rest_route=\/wp\/v2\/posts\/24889\/revisions\/24891"}],"wp:featuredmedia":[{"embeddable":true,"href":"https:\/\/radiocresatelital.com\/index.php?rest_route=\/wp\/v2\/media\/24890"}],"wp:attachment":[{"href":"https:\/\/radiocresatelital.com\/index.php?rest_route=%2Fwp%2Fv2%2Fmedia&parent=24889"}],"wp:term":[{"taxonomy":"category","embeddable":true,"href":"https:\/\/radiocresatelital.com\/index.php?rest_route=%2Fwp%2Fv2%2Fcategories&post=24889"},{"taxonomy":"post_tag","embeddable":true,"href":"https:\/\/radiocresatelital.com\/index.php?rest_route=%2Fwp%2Fv2%2Ftags&post=24889"}],"curies":[{"name":"wp","href":"https:\/\/api.w.org\/{rel}","templated":true}]}}