{"id":24886,"date":"2025-03-06T18:35:31","date_gmt":"2025-03-06T18:35:31","guid":{"rendered":"https:\/\/radiocresatelital.com\/?p=24886"},"modified":"2025-03-06T18:35:31","modified_gmt":"2025-03-06T18:35:31","slug":"ministerio-del-deporte-y-el-iess-firman-convenio-para-el-fortalecimiento-en-salud-para-atletas","status":"publish","type":"post","link":"https:\/\/radiocresatelital.com\/?p=24886","title":{"rendered":"Ministerio del Deporte y el IESS firman convenio para el fortalecimiento en salud para atletas"},"content":{"rendered":"<p>Quito.- Una buena noticia recibieron los atletas ecuatorianos, gracias al convenio que firm\u00f3 el Ministerio del Deporte con el Instituto Ecuatoriano de Seguridad Social (IESS), el cual mejorar\u00e1 el acceso a la seguridad social de los deportistas y profesionales vinculados al sector.<\/p>\n<p>Durante el acto que se realiz\u00f3 en el Centro Activo del Ministerio del Deporte, las autoridades, Jos\u00e9 David Jim\u00e9nez, m\u00e1ximo representante estatal deportivo del pa\u00eds, Eduardo Pe\u00f1a, presidente del Consejo Directivo del IESS y Milena Charfuel\u00e1n, Directora General del IESS, contaron los detalles de este convenio que garantizar\u00e1 el bienestar deportivo.<\/p>\n<p>\u201cEste es un instrumento t\u00e9cnico que busca fomentar la cultura de la seguridad social en el \u00e1mbito deportivo. Con esto los atletas tendr\u00e1n asesoramiento y charlas para obtener beneficios sociales y de salud. Este es un logro importante para el pa\u00eds, el deporte y la seguridad social\u201d, se\u00f1al\u00f3 Pe\u00f1a, durante su intervenci\u00f3n.<\/p>\n<p>Acceso a consultas, ex\u00e1menes de diagn\u00f3stico y dispensaci\u00f3n de medicamentos en establecimientos del IESS; seguro de pensiones como cobertura para vejez e invalidez; seguro exequial y de vida; acceso a cr\u00e9ditos hipotecarios y quirografarios y posibilidad de jubilaci\u00f3n temprana con aportaciones desde 53 d\u00f3lares mensuales, son parte de los beneficios que tiene este convenio.<\/p>\n<p>\u201cHoy damos un paso hist\u00f3rico gracias al liderazgo del presidente Daniel Noboa, al firmar este convenio con el IESS, permitiendo que nuestros atletas tengan varios beneficios. Hemos so\u00f1ado con esto mucho y hoy es una realidad ya que vemos como m\u00e1s de 11.000 j\u00f3venes se han afiliado y ahora le toca al deporte\u201d, expres\u00f3 Jim\u00e9nez.<\/p>\n<p>Se\u00f1alar que el Centro M\u00e9dico Deportol\u00f3gico del Ministerio del Deporte, servir\u00e1 como un dispensario anexo del IESS para que nuestros deportistas tengan atenci\u00f3n especializada, diagn\u00f3sticos y medicamentos.<\/p>\n","protected":false},"excerpt":{"rendered":"<p>Quito.- Una buena noticia recibieron los atletas ecuatorianos, gracias al convenio que firm\u00f3 el Ministerio del Deporte con el Instituto Ecuatoriano de Seguridad Social (IESS), el cual mejorar\u00e1 el acceso a la seguridad social de los deportistas y profesionales vinculados al sector. Durante el acto que se realiz\u00f3 en el Centro Activo del Ministerio del [&hellip;]<\/p>\n","protected":false},"author":2,"featured_media":24887,"comment_status":"open","ping_status":"closed","sticky":false,"template":"","format":"standard","meta":{"_jetpack_memberships_contains_paid_content":false,"footnotes":""},"categories":[9],"tags":[1961,169],"class_list":["post-24886","post","type-post","status-publish","format-standard","has-post-thumbnail","hentry","category-deportes","tag-instituto-ecuatoriano-de-seguridad-social","tag-ministerio-del-deporte"],"jetpack_featured_media_url":"https:\/\/radiocresatelital.com\/wp-content\/uploads\/2025\/03\/arte-de-boletin-1536x1026-1.jpg","jetpack_sharing_enabled":true,"_links":{"self":[{"href":"https:\/\/radiocresatelital.com\/index.php?rest_route=\/wp\/v2\/posts\/24886","targetHints":{"allow":["GET"]}}],"collection":[{"href":"https:\/\/radiocresatelital.com\/index.php?rest_route=\/wp\/v2\/posts"}],"about":[{"href":"https:\/\/radiocresatelital.com\/index.php?rest_route=\/wp\/v2\/types\/post"}],"author":[{"embeddable":true,"href":"https:\/\/radiocresatelital.com\/index.php?rest_route=\/wp\/v2\/users\/2"}],"replies":[{"embeddable":true,"href":"https:\/\/radiocresatelital.com\/index.php?rest_route=%2Fwp%2Fv2%2Fcomments&post=24886"}],"version-history":[{"count":1,"href":"https:\/\/radiocresatelital.com\/index.php?rest_route=\/wp\/v2\/posts\/24886\/revisions"}],"predecessor-version":[{"id":24888,"href":"https:\/\/radiocresatelital.com\/index.php?rest_route=\/wp\/v2\/posts\/24886\/revisions\/24888"}],"wp:featuredmedia":[{"embeddable":true,"href":"https:\/\/radiocresatelital.com\/index.php?rest_route=\/wp\/v2\/media\/24887"}],"wp:attachment":[{"href":"https:\/\/radiocresatelital.com\/index.php?rest_route=%2Fwp%2Fv2%2Fmedia&parent=24886"}],"wp:term":[{"taxonomy":"category","embeddable":true,"href":"https:\/\/radiocresatelital.com\/index.php?rest_route=%2Fwp%2Fv2%2Fcategories&post=24886"},{"taxonomy":"post_tag","embeddable":true,"href":"https:\/\/radiocresatelital.com\/index.php?rest_route=%2Fwp%2Fv2%2Ftags&post=24886"}],"curies":[{"name":"wp","href":"https:\/\/api.w.org\/{rel}","templated":true}]}}