{"id":24878,"date":"2025-03-05T20:32:48","date_gmt":"2025-03-05T20:32:48","guid":{"rendered":"https:\/\/radiocresatelital.com\/?p=24878"},"modified":"2025-03-05T22:36:18","modified_gmt":"2025-03-05T22:36:18","slug":"graiman-y-unicef-impulsan-un-plan-piloto-para-transformar-la-infancia-en-ecuador","status":"publish","type":"post","link":"https:\/\/radiocresatelital.com\/?p=24878","title":{"rendered":"Graiman y Unicef impulsan un plan piloto para transformar la infancia en Ecuador"},"content":{"rendered":"<p>Cuenca.- Grupo Industrial Graiman y UNICEF anunciaron el lanzamiento del plan piloto \u00abPrimero la Infancia\u00bb, una iniciativa que busca movilizar a diversos actores sociales para priorizar y proteger la infancia en situaci\u00f3n de vulnerabilidad en Ecuador.<\/p>\n<p>El pasado 18 de febrero, representantes de UNICEF visitaron las instalaciones de Graiman para marcar el inicio de este proyecto conjunto, que se centra en generar un impacto positivo en la vida de ni\u00f1os y ni\u00f1as y fomentar un entorno seguro y propicio para su desarrollo.<\/p>\n<p>Durante el evento, Alfredo Pe\u00f1a, Presidente Ejecutivo del Grupo Industrial Graiman, destac\u00f3 la importancia de este compromiso. \u00abTrabajar por los ni\u00f1os es preocuparse por el futuro del Ecuador. Las empresas responsables lo hacemos por convicci\u00f3n y compromiso. La empresa privada debe ser parte de la soluci\u00f3n y trabajar desde temprano en la protecci\u00f3n de la ni\u00f1ez. Agradecemos a UNICEF por escogernos y a M\u00f3nica Malo Pe\u00f1a,<span style=\"text-decoration: line-through;\"> \u00a0<\/span>de Responsabilidad Social del Grupo, por encabezar este proyecto\u201d. Asimismo, Pe\u00f1a resalt\u00f3 el valor de la capacitaci\u00f3n y el compromiso social. \u00abGrupos como el nuestro est\u00e1n llamados a ser parte de la soluci\u00f3n. Debemos cuidar la infancia\u201d, expres\u00f3.<\/p>\n<p>Por su parte, Carla Gudi\u00f1o Oficial de Alianzas de UNICEF, destac\u00f3 que esta colaboraci\u00f3n se alinea con los Objetivos de Desarrollo Sostenible (ODS), con el objetivo de garantizar que cada ni\u00f1o sobreviva, prospere, crezca y se desarrolle en un entorno seguro, libre de explotaci\u00f3n y violencia. \u00abEn Ecuador, los ni\u00f1os de comunidades vulnerables, enfrentan mayores desaf\u00edos, especialmente en temas de desnutrici\u00f3n. Lo que buscamos con el Grupo Industrial Graiman, es unir fuerzas para que la infancia florezca\u00bb, explic\u00f3.<\/p>\n<p>La iniciativa \u00abPrimero la Infancia\u00bb se presenta como una acci\u00f3n concreta para transformar la preocupaci\u00f3n en entusiasmo y compromiso para lograr una movilizaci\u00f3n real para el cambio social. Uno de sus pilares es impulsar el desarrollo integral de los colaboradores, no solo en su \u00e1mbito profesional, sino tambi\u00e9n como padres y madres, a trav\u00e9s de gu\u00edas de crianza y pr\u00e1cticas recomendadas para cada etapa del desarrollo infantil.<\/p>\n<p>Con esta estrategia, los colaboradores del Grupo se convierten en \u00abcampeones de la infancia\u00bb, quienes facilitan el acceso a herramientas esenciales para una crianza respetuosa y amorosa.<\/p>\n<p>A trav\u00e9s de la iniciativa, Graiman reafirma su compromiso social al invertir en la ni\u00f1ez, motor fundamental para el desarrollo y futuro de Ecuador. La alianza con UNICEF se erige como un ejemplo de responsabilidad y visi\u00f3n a largo plazo, transformando la preocupaci\u00f3n en un compromiso colectivo que moviliza a l\u00edderes, colaboradores y a la sociedad en general.<\/p>\n<p>Al apostar por el bienestar integral de los ni\u00f1os y ni\u00f1as, Graiman no solo protege a las futuras generaciones, sino que tambi\u00e9n impulsa la construcci\u00f3n de comunidades m\u00e1s fuertes y resilientes, con la convicci\u00f3n de que, cuando hay ni\u00f1os felices, florece y prospera el pa\u00eds.<\/p>\n","protected":false},"excerpt":{"rendered":"<p>Cuenca.- Grupo Industrial Graiman y UNICEF anunciaron el lanzamiento del plan piloto \u00abPrimero la Infancia\u00bb, una iniciativa que busca movilizar a diversos actores sociales para priorizar y proteger la infancia en situaci\u00f3n de vulnerabilidad en Ecuador. El pasado 18 de febrero, representantes de UNICEF visitaron las instalaciones de Graiman para marcar el inicio de este [&hellip;]<\/p>\n","protected":false},"author":2,"featured_media":24879,"comment_status":"open","ping_status":"closed","sticky":false,"template":"","format":"standard","meta":{"_jetpack_memberships_contains_paid_content":false,"footnotes":""},"categories":[13],"tags":[3583,3911,706],"class_list":["post-24878","post","type-post","status-publish","format-standard","has-post-thumbnail","hentry","category-noticias-nacionales","tag-grupo-industrial-graiman","tag-primero-la-infancia","tag-unicef"],"jetpack_featured_media_url":"https:\/\/radiocresatelital.com\/wp-content\/uploads\/2025\/03\/Miembros-de-la-UNICEF-y-Directivos-del-Grupo-Industrial-Graiman-en-la-entrega-de-kits-a-los-voluntarios-campeones-de-la-infancia.jpeg","jetpack_sharing_enabled":true,"_links":{"self":[{"href":"https:\/\/radiocresatelital.com\/index.php?rest_route=\/wp\/v2\/posts\/24878","targetHints":{"allow":["GET"]}}],"collection":[{"href":"https:\/\/radiocresatelital.com\/index.php?rest_route=\/wp\/v2\/posts"}],"about":[{"href":"https:\/\/radiocresatelital.com\/index.php?rest_route=\/wp\/v2\/types\/post"}],"author":[{"embeddable":true,"href":"https:\/\/radiocresatelital.com\/index.php?rest_route=\/wp\/v2\/users\/2"}],"replies":[{"embeddable":true,"href":"https:\/\/radiocresatelital.com\/index.php?rest_route=%2Fwp%2Fv2%2Fcomments&post=24878"}],"version-history":[{"count":1,"href":"https:\/\/radiocresatelital.com\/index.php?rest_route=\/wp\/v2\/posts\/24878\/revisions"}],"predecessor-version":[{"id":24880,"href":"https:\/\/radiocresatelital.com\/index.php?rest_route=\/wp\/v2\/posts\/24878\/revisions\/24880"}],"wp:featuredmedia":[{"embeddable":true,"href":"https:\/\/radiocresatelital.com\/index.php?rest_route=\/wp\/v2\/media\/24879"}],"wp:attachment":[{"href":"https:\/\/radiocresatelital.com\/index.php?rest_route=%2Fwp%2Fv2%2Fmedia&parent=24878"}],"wp:term":[{"taxonomy":"category","embeddable":true,"href":"https:\/\/radiocresatelital.com\/index.php?rest_route=%2Fwp%2Fv2%2Fcategories&post=24878"},{"taxonomy":"post_tag","embeddable":true,"href":"https:\/\/radiocresatelital.com\/index.php?rest_route=%2Fwp%2Fv2%2Ftags&post=24878"}],"curies":[{"name":"wp","href":"https:\/\/api.w.org\/{rel}","templated":true}]}}