{"id":24871,"date":"2025-03-05T22:10:06","date_gmt":"2025-03-05T22:10:06","guid":{"rendered":"https:\/\/radiocresatelital.com\/?p=24871"},"modified":"2025-03-05T22:10:06","modified_gmt":"2025-03-05T22:10:06","slug":"entrega-de-viviendas-en-quevedo-por-el-gobierno-nacional","status":"publish","type":"post","link":"https:\/\/radiocresatelital.com\/?p=24871","title":{"rendered":"Entrega de viviendas en Quevedo por el Gobierno Nacional"},"content":{"rendered":"<p>Babahoyo.- El Ministro de Desarrollo Urbano y Vivienda, Humberto Plaza, entreg\u00f3 8 de 13 viviendas, construidas en terreno propio del beneficiario, en Los R\u00edos. Las viviendas se encuentran ubicadas en Ventanas (2) y Quevedo (6).<\/p>\n<p>Las 5 viviendas restaurantes se construyen en Quevedo (4) y Ventanas (1), las que se entregar\u00e1n pr\u00f3ximamente.<\/p>\n<p>La inversi\u00f3n con la que se construyen las viviendas es de $249.604,00.<\/p>\n","protected":false},"excerpt":{"rendered":"<p>Babahoyo.- El Ministro de Desarrollo Urbano y Vivienda, Humberto Plaza, entreg\u00f3 8 de 13 viviendas, construidas en terreno propio del beneficiario, en Los R\u00edos. Las viviendas se encuentran ubicadas en Ventanas (2) y Quevedo (6). Las 5 viviendas restaurantes se construyen en Quevedo (4) y Ventanas (1), las que se entregar\u00e1n pr\u00f3ximamente. La inversi\u00f3n con [&hellip;]<\/p>\n","protected":false},"author":2,"featured_media":24873,"comment_status":"open","ping_status":"closed","sticky":false,"template":"","format":"standard","meta":{"_jetpack_memberships_contains_paid_content":false,"footnotes":""},"categories":[13],"tags":[1524],"class_list":["post-24871","post","type-post","status-publish","format-standard","has-post-thumbnail","hentry","category-noticias-nacionales","tag-ministro-de-desarrollo-urbano-y-vivienda"],"jetpack_featured_media_url":"https:\/\/radiocresatelital.com\/wp-content\/uploads\/2025\/03\/20190919110031_entregara-n-150-casas.jpg","jetpack_sharing_enabled":true,"_links":{"self":[{"href":"https:\/\/radiocresatelital.com\/index.php?rest_route=\/wp\/v2\/posts\/24871","targetHints":{"allow":["GET"]}}],"collection":[{"href":"https:\/\/radiocresatelital.com\/index.php?rest_route=\/wp\/v2\/posts"}],"about":[{"href":"https:\/\/radiocresatelital.com\/index.php?rest_route=\/wp\/v2\/types\/post"}],"author":[{"embeddable":true,"href":"https:\/\/radiocresatelital.com\/index.php?rest_route=\/wp\/v2\/users\/2"}],"replies":[{"embeddable":true,"href":"https:\/\/radiocresatelital.com\/index.php?rest_route=%2Fwp%2Fv2%2Fcomments&post=24871"}],"version-history":[{"count":1,"href":"https:\/\/radiocresatelital.com\/index.php?rest_route=\/wp\/v2\/posts\/24871\/revisions"}],"predecessor-version":[{"id":24874,"href":"https:\/\/radiocresatelital.com\/index.php?rest_route=\/wp\/v2\/posts\/24871\/revisions\/24874"}],"wp:featuredmedia":[{"embeddable":true,"href":"https:\/\/radiocresatelital.com\/index.php?rest_route=\/wp\/v2\/media\/24873"}],"wp:attachment":[{"href":"https:\/\/radiocresatelital.com\/index.php?rest_route=%2Fwp%2Fv2%2Fmedia&parent=24871"}],"wp:term":[{"taxonomy":"category","embeddable":true,"href":"https:\/\/radiocresatelital.com\/index.php?rest_route=%2Fwp%2Fv2%2Fcategories&post=24871"},{"taxonomy":"post_tag","embeddable":true,"href":"https:\/\/radiocresatelital.com\/index.php?rest_route=%2Fwp%2Fv2%2Ftags&post=24871"}],"curies":[{"name":"wp","href":"https:\/\/api.w.org\/{rel}","templated":true}]}}