{"id":24855,"date":"2025-03-05T20:55:01","date_gmt":"2025-03-05T20:55:01","guid":{"rendered":"https:\/\/radiocresatelital.com\/?p=24855"},"modified":"2025-03-05T21:00:45","modified_gmt":"2025-03-05T21:00:45","slug":"mujeres-al-mando-el-foro-que-impulsa-el-liderazgo-femenino-en-ecuador-y-desafia-la-brecha-de-genero","status":"publish","type":"post","link":"https:\/\/radiocresatelital.com\/?p=24855","title":{"rendered":"Mujeres al mando: El foro que impulsa el liderazgo femenino en Ecuador y desaf\u00eda la brecha de g\u00e9nero"},"content":{"rendered":"<p>Quito.- El pr\u00f3ximo 26 de marzo, Quito ser\u00e1 sede de la 8va edici\u00f3n del foro \u201cLiderazgo de Mujeres en la Transformaci\u00f3n Empresarial\u201d, un espacio impulsado por Seminarium Ecuador para promover y visibilizar la equidad de g\u00e9nero en el \u00e1mbito corporativo.<\/p>\n<p>Este foro contar\u00e1 con la presencia de la Ministra de Relaciones Exteriores Gabriela Sommerfeld quien inaugurar\u00e1 el evento, adem\u00e1s de la presencia como ponentes y panelistas de destacadas mujeres de distintas regiones de Ecuador y a nivel internacional: Isabel Bucaram, exdirectora de CNN en Espa\u00f1ol, Lourdes Tib\u00e1n, Prefecta de Cotopaxi, Ingrid Rodr\u00edguez Gerente General Terminal Aeroportuario Manta, Mar\u00eda Paz Jervis Presidenta del Comit\u00e9 Empresarial Ecuatoriano, Iliana Rodr\u00edguez Presidente Women in Mining, Silvana P\u00e1stor Presidente Women in Energy, Gisela Montalvo Directora Ejecutiva de la C\u00e1mara de Innovaci\u00f3n y Tecnolog\u00eda del Ecuador, Cecilia Paredes Rectora de Espol, entre otras, quienes\u00a0 ofrecer\u00e1n su perspectiva sobre la importancia de la diversidad en el crecimiento empresarial.<\/p>\n<p>En Ecuador, persisten desaf\u00edos de g\u00e9nero. Seg\u00fan el \u00cdndice Global de la Brecha de G\u00e9nero 2024, el pa\u00eds ocupa el puesto 16 con una calificaci\u00f3n de 78,8%, lo que refleja avances en la igualdad de g\u00e9nero y el impulso al liderazgo femenino. Sin embargo, la representaci\u00f3n femenina en puestos directivos sigue siendo solo del 15%.<\/p>\n<p>Asimismo, la participaci\u00f3n laboral de las mujeres se sit\u00faa en el 50%, frente al 80% de los hombres, y existe una brecha salarial de 20%, que se ampl\u00eda con cada hijo. Diversos estudios, como el de McKinsey, confirman que las empresas que fomentan la diversidad de g\u00e9nero tienen un 25% m\u00e1s de probabilidades de obtener rentabilidades superiores. Adem\u00e1s, se calcula que cerrar la brecha de g\u00e9nero podr\u00eda sumar 7 billones de d\u00f3lares a la econom\u00eda global.<\/p>\n<p>Este foro abordar\u00e1 temas cruciales como la sostenibilidad, la inclusi\u00f3n econ\u00f3mica y la competitividad, con miras a impulsar un crecimiento sostenible a largo plazo. Mar\u00eda Rosa Tapia, presidente y socia de Seminarium, enfatiza: <em>\u201c<\/em>\u00a1Invertir en equidad es invertir en un futuro pr\u00f3spero! Las mujeres est\u00e1n redefiniendo el panorama empresarial en Ecuador\u201d.<\/p>\n<p>La cita ser\u00e1 el 26 de marzo, en el Club Sociedad Uni\u00f3n Quito, de 08h00 a 13h30 locales (13h00 a 18h30 GMT), y est\u00e1 dirigida a empresarios, emprendedores, acad\u00e9micos, autoridades y medios de comunicaci\u00f3n que deseen impulsar la igualdad de oportunidades en el entorno empresarial ecuatoriano.<\/p>\n<p><a href=\"#_ftnref1\" name=\"_ftn1\"><\/a><\/p>\n","protected":false},"excerpt":{"rendered":"<p>Quito.- El pr\u00f3ximo 26 de marzo, Quito ser\u00e1 sede de la 8va edici\u00f3n del foro \u201cLiderazgo de Mujeres en la Transformaci\u00f3n Empresarial\u201d, un espacio impulsado por Seminarium Ecuador para promover y visibilizar la equidad de g\u00e9nero en el \u00e1mbito corporativo. Este foro contar\u00e1 con la presencia de la Ministra de Relaciones Exteriores Gabriela Sommerfeld quien [&hellip;]<\/p>\n","protected":false},"author":2,"featured_media":24858,"comment_status":"open","ping_status":"closed","sticky":false,"template":"","format":"standard","meta":{"_jetpack_memberships_contains_paid_content":false,"footnotes":""},"categories":[13],"tags":[3909],"class_list":["post-24855","post","type-post","status-publish","format-standard","has-post-thumbnail","hentry","category-noticias-nacionales","tag-liderazgo-de-mujeres-en-la-transformacion-empresarial"],"jetpack_featured_media_url":"https:\/\/radiocresatelital.com\/wp-content\/uploads\/2025\/03\/WhatsApp-Image-2025-03-05-at-15.39.49.jpeg","jetpack_sharing_enabled":true,"_links":{"self":[{"href":"https:\/\/radiocresatelital.com\/index.php?rest_route=\/wp\/v2\/posts\/24855","targetHints":{"allow":["GET"]}}],"collection":[{"href":"https:\/\/radiocresatelital.com\/index.php?rest_route=\/wp\/v2\/posts"}],"about":[{"href":"https:\/\/radiocresatelital.com\/index.php?rest_route=\/wp\/v2\/types\/post"}],"author":[{"embeddable":true,"href":"https:\/\/radiocresatelital.com\/index.php?rest_route=\/wp\/v2\/users\/2"}],"replies":[{"embeddable":true,"href":"https:\/\/radiocresatelital.com\/index.php?rest_route=%2Fwp%2Fv2%2Fcomments&post=24855"}],"version-history":[{"count":1,"href":"https:\/\/radiocresatelital.com\/index.php?rest_route=\/wp\/v2\/posts\/24855\/revisions"}],"predecessor-version":[{"id":24857,"href":"https:\/\/radiocresatelital.com\/index.php?rest_route=\/wp\/v2\/posts\/24855\/revisions\/24857"}],"wp:featuredmedia":[{"embeddable":true,"href":"https:\/\/radiocresatelital.com\/index.php?rest_route=\/wp\/v2\/media\/24858"}],"wp:attachment":[{"href":"https:\/\/radiocresatelital.com\/index.php?rest_route=%2Fwp%2Fv2%2Fmedia&parent=24855"}],"wp:term":[{"taxonomy":"category","embeddable":true,"href":"https:\/\/radiocresatelital.com\/index.php?rest_route=%2Fwp%2Fv2%2Fcategories&post=24855"},{"taxonomy":"post_tag","embeddable":true,"href":"https:\/\/radiocresatelital.com\/index.php?rest_route=%2Fwp%2Fv2%2Ftags&post=24855"}],"curies":[{"name":"wp","href":"https:\/\/api.w.org\/{rel}","templated":true}]}}