{"id":24852,"date":"2025-03-05T20:44:29","date_gmt":"2025-03-05T20:44:29","guid":{"rendered":"https:\/\/radiocresatelital.com\/?p=24852"},"modified":"2025-03-05T20:44:29","modified_gmt":"2025-03-05T20:44:29","slug":"el-turismo-se-sigue-reactivando-73-millones-de-dolares-por-gasto-turistico-durante-el-carnaval","status":"publish","type":"post","link":"https:\/\/radiocresatelital.com\/?p=24852","title":{"rendered":"El turismo se sigue reactivando: 73 millones de d\u00f3lares por gasto tur\u00edstico durante el Carnaval"},"content":{"rendered":"<p>Quito.- El feriado de Carnaval de 2025 sum\u00f3 un total de 73 millones de d\u00f3lares por concepto de gasto tur\u00edstico, con una ocupaci\u00f3n promedio nacional que se ubic\u00f3 en el 45%. Esto implica un crecimiento de 9 millones de d\u00f3lares en relaci\u00f3n al gasto tur\u00edstico y de cuatro puntos porcentuales en la ocupaci\u00f3n, frente a lo registrado en el mismo feriado en 2024.<\/p>\n<p>Adem\u00e1s, en el detalle por ciudades la ocupaci\u00f3n promedio fue m\u00e1s alta, por ejemplo, en Guaranda (Bol\u00edvar) lleg\u00f3 al 89%, seguida de Gualaquiza (Morona Santiago) con el 83%, Ba\u00f1os de Agua Santa (Tungurahua) 79%, San Miguel de Bol\u00edvar 77%, Ambato y Chimbo 75%, Santa Elena y Pedro Vicente Maldonado 73%, y Salinas 71%, por citar algunas localidades.<\/p>\n<p>Durante estos d\u00edas de asueto, este a\u00f1o se contabilizaron 1,2 millones de viajes tur\u00edsticos en todo el pa\u00eds, lo que significa un crecimiento del 18% en los desplazamientos, en relaci\u00f3n al a\u00f1o anterior. Las provincias que recibieron mayor cantidad de turistas fueron Tungurahua (78%), Bol\u00edvar (76%), Santa Elena (68%), Napo (61%), Azuay y Pastaza (57%).<\/p>\n<p>El ministro de Turismo, Mateo Estrella, destac\u00f3 que los resultados del feriado de Carnaval 2025 son una muestra del aporte del turismo a la dinamizaci\u00f3n de la econom\u00eda nacional, a\u00f1adiendo que una medida que sum\u00f3 a los buenos resultados fue la reducci\u00f3n del IVA para los servicios tur\u00edsticos del 15% al 8%, anunciada por el presidente Daniel Noboa Azin.<\/p>\n<p>\u201cEn general, creo que el IVA al 8% fue una medida muy beneficiosa para el sector tur\u00edstico. Nos permiti\u00f3 ser m\u00e1s competitivos, ofrecer mejores precios a nuestros clientes y aumentar nuestra ocupaci\u00f3n durante el feriado.<\/p>\n<p>Esperamos que el Gobierno siga implementando medidas como esta para apoyar al sector tur\u00edstico y ayudarnos a seguir creciendo y mejorando la experiencia de nuestros hu\u00e9spedes\u201d, asegur\u00f3 Pa\u00fal Repeto, propietario del Hotel Napolitano, en Ba\u00f1os.<\/p>\n<p>El Gobierno Nacional contin\u00faa impulsando acciones para promover el crecimiento del turismo interno y apoyando a las miles de familias que viven de esta actividad en el pa\u00eds.<\/p>\n","protected":false},"excerpt":{"rendered":"<p>Quito.- El feriado de Carnaval de 2025 sum\u00f3 un total de 73 millones de d\u00f3lares por concepto de gasto tur\u00edstico, con una ocupaci\u00f3n promedio nacional que se ubic\u00f3 en el 45%. Esto implica un crecimiento de 9 millones de d\u00f3lares en relaci\u00f3n al gasto tur\u00edstico y de cuatro puntos porcentuales en la ocupaci\u00f3n, frente a [&hellip;]<\/p>\n","protected":false},"author":2,"featured_media":24853,"comment_status":"open","ping_status":"closed","sticky":false,"template":"","format":"standard","meta":{"_jetpack_memberships_contains_paid_content":false,"footnotes":""},"categories":[13],"tags":[2806],"class_list":["post-24852","post","type-post","status-publish","format-standard","has-post-thumbnail","hentry","category-noticias-nacionales","tag-ministerio-de-turismo"],"jetpack_featured_media_url":"https:\/\/radiocresatelital.com\/wp-content\/uploads\/2025\/03\/Diseno-sin-titulo-2025-02-27T164840.738.jpg","jetpack_sharing_enabled":true,"_links":{"self":[{"href":"https:\/\/radiocresatelital.com\/index.php?rest_route=\/wp\/v2\/posts\/24852","targetHints":{"allow":["GET"]}}],"collection":[{"href":"https:\/\/radiocresatelital.com\/index.php?rest_route=\/wp\/v2\/posts"}],"about":[{"href":"https:\/\/radiocresatelital.com\/index.php?rest_route=\/wp\/v2\/types\/post"}],"author":[{"embeddable":true,"href":"https:\/\/radiocresatelital.com\/index.php?rest_route=\/wp\/v2\/users\/2"}],"replies":[{"embeddable":true,"href":"https:\/\/radiocresatelital.com\/index.php?rest_route=%2Fwp%2Fv2%2Fcomments&post=24852"}],"version-history":[{"count":1,"href":"https:\/\/radiocresatelital.com\/index.php?rest_route=\/wp\/v2\/posts\/24852\/revisions"}],"predecessor-version":[{"id":24854,"href":"https:\/\/radiocresatelital.com\/index.php?rest_route=\/wp\/v2\/posts\/24852\/revisions\/24854"}],"wp:featuredmedia":[{"embeddable":true,"href":"https:\/\/radiocresatelital.com\/index.php?rest_route=\/wp\/v2\/media\/24853"}],"wp:attachment":[{"href":"https:\/\/radiocresatelital.com\/index.php?rest_route=%2Fwp%2Fv2%2Fmedia&parent=24852"}],"wp:term":[{"taxonomy":"category","embeddable":true,"href":"https:\/\/radiocresatelital.com\/index.php?rest_route=%2Fwp%2Fv2%2Fcategories&post=24852"},{"taxonomy":"post_tag","embeddable":true,"href":"https:\/\/radiocresatelital.com\/index.php?rest_route=%2Fwp%2Fv2%2Ftags&post=24852"}],"curies":[{"name":"wp","href":"https:\/\/api.w.org\/{rel}","templated":true}]}}