{"id":24822,"date":"2025-03-01T00:25:19","date_gmt":"2025-03-01T00:25:19","guid":{"rendered":"https:\/\/radiocresatelital.com\/?p=24822"},"modified":"2025-03-01T00:25:53","modified_gmt":"2025-03-01T00:25:53","slug":"la-prefecta-marcela-aguinaga-lidera-la-entrega-de-ayuda-humanitaria-a-damnificados-por-el-invierno","status":"publish","type":"post","link":"https:\/\/radiocresatelital.com\/?p=24822","title":{"rendered":"La prefecta Marcela Agui\u00f1aga lidera la entrega de ayuda humanitaria a damnificados por el invierno"},"content":{"rendered":"<p><span style=\"font-weight: 400;\">Guayaquil.- La provincia del Guayas amaneci\u00f3, nuevamente, con una lluvia intensa que, sin embargo, no detuvo a la prefecta Marcela Agui\u00f1aga. Ella lidera personalmente al contingente de la Prefectura Ciudadana del Guayas que todos los d\u00edas llega con ayuda humanitaria, atenci\u00f3n m\u00e9dica y medicinas a las zonas m\u00e1s afectadas por el duro invierno.<\/span><\/p>\n<p><span style=\"font-weight: 400;\">Este viernes, 28 de febrero, la prefecta Agui\u00f1aga acudi\u00f3 hasta zonas muy alejadas de las cabeceras cantonales y de dif\u00edcil acceso, donde las continuas lluvias han da\u00f1ado caminos vecinales o el desbordamiento de r\u00edos imposibilita el paso hacia los recintos. La agenda la llev\u00f3 hasta Villao, en Pedro Carbo; San Felipe, en Isidro Ayora; y, El Pr\u00edncipe, en Lomas de Sargentillo. En total, entreg\u00f3 1.420 kits de alimentos y 1.420 kits de dormir (colchones, s\u00e1banas y toldos).<\/span><\/p>\n<p><span style=\"font-weight: 400;\">Son zonas que no han recibido ayuda de otras autoridades y donde la est\u00e1n pasando mal. Sandy Baja\u00f1a, al igual que algunos de sus vecinos de San Felipe, ha pasado con dolor de est\u00f3mago y lo atribuye a un malestar invernal. Por eso, la brigada m\u00e9dica que lleg\u00f3 hasta su recinto le dio medicinas gratuitas a ella y a sus hijos. \u201cNo es f\u00e1cil salir a Isidro Ayora (cabecera cantonal), y es una bendici\u00f3n de Dios que la atenci\u00f3n lleg\u00f3 aqu\u00ed a la casa\u201d, reflexion\u00f3.<\/span><\/p>\n<p><span style=\"font-weight: 400;\">Juan Vargas, de 73 a\u00f1os, lleg\u00f3 con dificultad apoyado en un palo que le sirve de bast\u00f3n hasta la brigada m\u00e9dica, donde le dieron prioridad a \u00e9l y a otras personas en situaci\u00f3n de vulnerabilidad. A pesar de las dificultades que le causa el invierno, se sent\u00eda feliz por \u201cla ayudita\u201d que le dio la prefecta Marcela Agui\u00f1aga.<\/span><\/p>\n<p><span style=\"font-weight: 400;\">\u201cEstamos llegando a diferentes sectores de la provincia con toda la maquinaria desplegada, tenemos m\u00e1s de 50 emergencias que estamos atendiendo y la ayuda humanitaria que hab\u00eda sido planificada con anticipaci\u00f3n\u201d, destac\u00f3 la ejecutiva guayasense, al evaluar la jornada.<\/span><\/p>\n<p><span style=\"font-weight: 400;\">El viceprefecto Carlos Serrano lider\u00f3 otro frente, siguiendo la planificaci\u00f3n con la que se logra ampliar la cobertura de las zonas afectadas. En Balzar, encabez\u00f3 el equipo que entreg\u00f3 120 kits de ayuda humanitaria y 120 kits de dormir; mientras que en El Empalme entreg\u00f3 agroinsumos para 437 peque\u00f1os productores cacaoteros, organizados en 17 grupos.\u00a0<\/span><\/p>\n<p><span style=\"font-weight: 400;\">\u201cNuestro deber es estar aqu\u00ed en territorio, para brindar la ayuda que tanto necesitan. Seguiremos trabajando, para que ning\u00fan guayasense se sienta desprotegido en estos momentos dif\u00edciles\u201d, expres\u00f3 Carlos Serrano.<\/span><\/p>\n","protected":false},"excerpt":{"rendered":"<p>Guayaquil.- La provincia del Guayas amaneci\u00f3, nuevamente, con una lluvia intensa que, sin embargo, no detuvo a la prefecta Marcela Agui\u00f1aga. Ella lidera personalmente al contingente de la Prefectura Ciudadana del Guayas que todos los d\u00edas llega con ayuda humanitaria, atenci\u00f3n m\u00e9dica y medicinas a las zonas m\u00e1s afectadas por el duro invierno. Este viernes, [&hellip;]<\/p>\n","protected":false},"author":2,"featured_media":24823,"comment_status":"open","ping_status":"closed","sticky":false,"template":"","format":"standard","meta":{"_jetpack_memberships_contains_paid_content":false,"footnotes":""},"categories":[13],"tags":[1406,2699],"class_list":["post-24822","post","type-post","status-publish","format-standard","has-post-thumbnail","hentry","category-noticias-nacionales","tag-prefecta-del-guayas","tag-prefecta-marcela-aguinaga"],"jetpack_featured_media_url":"https:\/\/radiocresatelital.com\/wp-content\/uploads\/2025\/03\/WhatsApp-Image-2025-02-28-at-12.59.43-PM5-scaled.jpeg","jetpack_sharing_enabled":true,"_links":{"self":[{"href":"https:\/\/radiocresatelital.com\/index.php?rest_route=\/wp\/v2\/posts\/24822","targetHints":{"allow":["GET"]}}],"collection":[{"href":"https:\/\/radiocresatelital.com\/index.php?rest_route=\/wp\/v2\/posts"}],"about":[{"href":"https:\/\/radiocresatelital.com\/index.php?rest_route=\/wp\/v2\/types\/post"}],"author":[{"embeddable":true,"href":"https:\/\/radiocresatelital.com\/index.php?rest_route=\/wp\/v2\/users\/2"}],"replies":[{"embeddable":true,"href":"https:\/\/radiocresatelital.com\/index.php?rest_route=%2Fwp%2Fv2%2Fcomments&post=24822"}],"version-history":[{"count":1,"href":"https:\/\/radiocresatelital.com\/index.php?rest_route=\/wp\/v2\/posts\/24822\/revisions"}],"predecessor-version":[{"id":24824,"href":"https:\/\/radiocresatelital.com\/index.php?rest_route=\/wp\/v2\/posts\/24822\/revisions\/24824"}],"wp:featuredmedia":[{"embeddable":true,"href":"https:\/\/radiocresatelital.com\/index.php?rest_route=\/wp\/v2\/media\/24823"}],"wp:attachment":[{"href":"https:\/\/radiocresatelital.com\/index.php?rest_route=%2Fwp%2Fv2%2Fmedia&parent=24822"}],"wp:term":[{"taxonomy":"category","embeddable":true,"href":"https:\/\/radiocresatelital.com\/index.php?rest_route=%2Fwp%2Fv2%2Fcategories&post=24822"},{"taxonomy":"post_tag","embeddable":true,"href":"https:\/\/radiocresatelital.com\/index.php?rest_route=%2Fwp%2Fv2%2Ftags&post=24822"}],"curies":[{"name":"wp","href":"https:\/\/api.w.org\/{rel}","templated":true}]}}