{"id":24767,"date":"2025-02-27T22:07:22","date_gmt":"2025-02-27T22:07:22","guid":{"rendered":"https:\/\/radiocresatelital.com\/?p=24767"},"modified":"2025-02-27T22:07:22","modified_gmt":"2025-02-27T22:07:22","slug":"alcaldia-desplegara-contingente-para-la-seguridad-y-control-de-transito-durante-el-feriado-de-carnaval","status":"publish","type":"post","link":"https:\/\/radiocresatelital.com\/?p=24767","title":{"rendered":"Alcald\u00eda desplegar\u00e1 contingente para la seguridad y control de tr\u00e1nsito durante el feriado de Carnaval"},"content":{"rendered":"<p>Guasyaquil.- La Municipalidad de Guayaquil alista un contingente de seguridad de cara al feriado de Carnaval. Por ello, activ\u00f3 al personal operativo de Segura EP y de la ATM.<\/p>\n<p>Es as\u00ed que laborar\u00e1n 189 personas cada d\u00eda del feriado en el Centro de Operaciones de 181. De ellos, 63 son funcionarios, operadores de video y despachadores de las instituciones del holding municipal en tres turnos cada d\u00eda.<\/p>\n<p>Adem\u00e1s, habr\u00e1 monitoreo 24\/7 de c\u00e1maras de videovigilancia.<\/p>\n<p>Tambi\u00e9n estar\u00e1n desplegados 1.380 agentes municipales en zonas estrat\u00e9gicas: ferias, corredores comerciales, zonas comerciales, control del tr\u00e1nsito, eventos culturales, lugares tur\u00edsticos, terminales terrestres y en apoyo a la seguridad.<\/p>\n<p>Adem\u00e1s, 88 camionetas brindar\u00e1n apoyo a la seguridad y control del espacio p\u00fablico, junto con 50 motocicletas y 16 param\u00e9dicos m\u00f3viles.<\/p>\n<p>Por parte de la ATM, se desplegar\u00e1n 930 efectivos y 347 patrullas, motos, motonetas y bicicletas para el control de tr\u00e1nsito vehicular. As\u00ed, la Alcald\u00eda trabaja para lograr un feriado ordenado y seguro en la Ciudad de Todos.<\/p>\n","protected":false},"excerpt":{"rendered":"<p>Guasyaquil.- La Municipalidad de Guayaquil alista un contingente de seguridad de cara al feriado de Carnaval. Por ello, activ\u00f3 al personal operativo de Segura EP y de la ATM. Es as\u00ed que laborar\u00e1n 189 personas cada d\u00eda del feriado en el Centro de Operaciones de 181. De ellos, 63 son funcionarios, operadores de video y [&hellip;]<\/p>\n","protected":false},"author":2,"featured_media":24768,"comment_status":"open","ping_status":"closed","sticky":false,"template":"","format":"standard","meta":{"_jetpack_memberships_contains_paid_content":false,"footnotes":""},"categories":[13],"tags":[1016],"class_list":["post-24767","post","type-post","status-publish","format-standard","has-post-thumbnail","hentry","category-noticias-nacionales","tag-municipalidad-de-guayaquil"],"jetpack_featured_media_url":"https:\/\/radiocresatelital.com\/wp-content\/uploads\/2025\/02\/alcaldia-desplegara-contingente-seguridad-control-transito-durante-feriado-carnaval1.jpg","jetpack_sharing_enabled":true,"_links":{"self":[{"href":"https:\/\/radiocresatelital.com\/index.php?rest_route=\/wp\/v2\/posts\/24767","targetHints":{"allow":["GET"]}}],"collection":[{"href":"https:\/\/radiocresatelital.com\/index.php?rest_route=\/wp\/v2\/posts"}],"about":[{"href":"https:\/\/radiocresatelital.com\/index.php?rest_route=\/wp\/v2\/types\/post"}],"author":[{"embeddable":true,"href":"https:\/\/radiocresatelital.com\/index.php?rest_route=\/wp\/v2\/users\/2"}],"replies":[{"embeddable":true,"href":"https:\/\/radiocresatelital.com\/index.php?rest_route=%2Fwp%2Fv2%2Fcomments&post=24767"}],"version-history":[{"count":1,"href":"https:\/\/radiocresatelital.com\/index.php?rest_route=\/wp\/v2\/posts\/24767\/revisions"}],"predecessor-version":[{"id":24769,"href":"https:\/\/radiocresatelital.com\/index.php?rest_route=\/wp\/v2\/posts\/24767\/revisions\/24769"}],"wp:featuredmedia":[{"embeddable":true,"href":"https:\/\/radiocresatelital.com\/index.php?rest_route=\/wp\/v2\/media\/24768"}],"wp:attachment":[{"href":"https:\/\/radiocresatelital.com\/index.php?rest_route=%2Fwp%2Fv2%2Fmedia&parent=24767"}],"wp:term":[{"taxonomy":"category","embeddable":true,"href":"https:\/\/radiocresatelital.com\/index.php?rest_route=%2Fwp%2Fv2%2Fcategories&post=24767"},{"taxonomy":"post_tag","embeddable":true,"href":"https:\/\/radiocresatelital.com\/index.php?rest_route=%2Fwp%2Fv2%2Ftags&post=24767"}],"curies":[{"name":"wp","href":"https:\/\/api.w.org\/{rel}","templated":true}]}}