{"id":24763,"date":"2025-02-27T21:23:30","date_gmt":"2025-02-27T21:23:30","guid":{"rendered":"https:\/\/radiocresatelital.com\/?p=24763"},"modified":"2025-02-27T21:23:41","modified_gmt":"2025-02-27T21:23:41","slug":"1-125-kits-de-alimentos-y-1-125-colchones-llegaron-a-duran-y-daule-para-afectados-por-inundaciones","status":"publish","type":"post","link":"https:\/\/radiocresatelital.com\/?p=24763","title":{"rendered":"1.125 kits de alimentos y 1.125 colchones llegaron a Dur\u00e1n y Daule para afectados por inundaciones"},"content":{"rendered":"<p><span style=\"font-weight: 400;\">Guayaquil.- En medio de los duros momentos que viven por las lluvias y las inundaciones, habitantes de zonas marginales de Dur\u00e1n vivieron un momento de alegr\u00eda cuando la prefecta Marcela Agui\u00f1aga lider\u00f3 el Convoy del Cuidado y la entrega de ayuda humanitaria que se despleg\u00f3 de manera simult\u00e1nea en 4 puntos del cant\u00f3n ferroviario.\u00a0<\/span><\/p>\n<p><span style=\"font-weight: 400;\">La prefecta Agui\u00f1aga lleg\u00f3 primero hasta el sector de Cerro Redondo, a donde lleg\u00f3 el Convoy. Los servicios m\u00e9dicos y las medicinas gratuitas estuvieron entre los servicios que m\u00e1s demanda tuvieron. \u201cEs un privilegio (que nos atiendan) debido a que la situaci\u00f3n est\u00e1 muy complicada. Me recetaron bastantitas cosas y en estos tiempos de crisis es un buen ahorro al bolsillo\u201d, dijo Cristina Moreno luego de recibir los f\u00e1rmacos para ella y sus dos peque\u00f1os hijos de manos de la prefecta Agui\u00f1aga.<\/span><\/p>\n<p><span style=\"font-weight: 400;\">La ejecutiva guayasense tambi\u00e9n abander\u00f3 la entrega de 800 kits de ayuda humanitaria y 800 colchones en Una Sola Fuerza 3 (en colaboraci\u00f3n con la fundaci\u00f3n Vida Digna) y 4, Nuevos horizontes y Valle de los Lirios. En todos esos lugares, tambi\u00e9n se brind\u00f3 atenci\u00f3n m\u00e9dica y se cont\u00f3 con personal de diferentes direcciones de la Prefectura Ciudadana del Guayas para asistir a los beneficiarios.<\/span><\/p>\n<p><span style=\"font-weight: 400;\">\u201cNos han venido a dar una ayuda a muchas personas que necesitamos. El agua ya se nos est\u00e1 metiendo en las casas y esta ayuda nos viene perfectamente\u201d, dijo Marina Estacio.<\/span><\/p>\n<p><span style=\"font-weight: 400;\">Mientras tanto, el vieprefecto Carlos Serrano lider\u00f3 el equipo que entreg\u00f3 325 kits de alimentos e igual n\u00famero de kits de dormir a familias de la parroquia Limonal, en Daule.<\/span><\/p>\n<p><span style=\"font-weight: 400;\">\u201cEsta ayuda nos llega en el momento justo, cuando m\u00e1s la necesitamos. Para nuestras familias, significa un respiro en medio de tanta dificultad. Gracias, prefecta Marcela Agui\u00f1aga, por estar aqu\u00ed, por no olvidarse de nosotros en estos tiempos duros\u201d, expres\u00f3 Leticia \u00c1lvarez, una de las beneficiarias.<\/span><\/p>\n","protected":false},"excerpt":{"rendered":"<p>Guayaquil.- En medio de los duros momentos que viven por las lluvias y las inundaciones, habitantes de zonas marginales de Dur\u00e1n vivieron un momento de alegr\u00eda cuando la prefecta Marcela Agui\u00f1aga lider\u00f3 el Convoy del Cuidado y la entrega de ayuda humanitaria que se despleg\u00f3 de manera simult\u00e1nea en 4 puntos del cant\u00f3n ferroviario.\u00a0 La [&hellip;]<\/p>\n","protected":false},"author":2,"featured_media":24764,"comment_status":"open","ping_status":"closed","sticky":false,"template":"","format":"standard","meta":{"_jetpack_memberships_contains_paid_content":false,"footnotes":""},"categories":[13],"tags":[2699,415],"class_list":["post-24763","post","type-post","status-publish","format-standard","has-post-thumbnail","hentry","category-noticias-nacionales","tag-prefecta-marcela-aguinaga","tag-prefectura-ciudadana-del-guayas"],"jetpack_featured_media_url":"https:\/\/radiocresatelital.com\/wp-content\/uploads\/2025\/02\/WhatsApp-Image-2025-02-27-at-15.41.15-1-scaled.jpeg","jetpack_sharing_enabled":true,"_links":{"self":[{"href":"https:\/\/radiocresatelital.com\/index.php?rest_route=\/wp\/v2\/posts\/24763","targetHints":{"allow":["GET"]}}],"collection":[{"href":"https:\/\/radiocresatelital.com\/index.php?rest_route=\/wp\/v2\/posts"}],"about":[{"href":"https:\/\/radiocresatelital.com\/index.php?rest_route=\/wp\/v2\/types\/post"}],"author":[{"embeddable":true,"href":"https:\/\/radiocresatelital.com\/index.php?rest_route=\/wp\/v2\/users\/2"}],"replies":[{"embeddable":true,"href":"https:\/\/radiocresatelital.com\/index.php?rest_route=%2Fwp%2Fv2%2Fcomments&post=24763"}],"version-history":[{"count":1,"href":"https:\/\/radiocresatelital.com\/index.php?rest_route=\/wp\/v2\/posts\/24763\/revisions"}],"predecessor-version":[{"id":24765,"href":"https:\/\/radiocresatelital.com\/index.php?rest_route=\/wp\/v2\/posts\/24763\/revisions\/24765"}],"wp:featuredmedia":[{"embeddable":true,"href":"https:\/\/radiocresatelital.com\/index.php?rest_route=\/wp\/v2\/media\/24764"}],"wp:attachment":[{"href":"https:\/\/radiocresatelital.com\/index.php?rest_route=%2Fwp%2Fv2%2Fmedia&parent=24763"}],"wp:term":[{"taxonomy":"category","embeddable":true,"href":"https:\/\/radiocresatelital.com\/index.php?rest_route=%2Fwp%2Fv2%2Fcategories&post=24763"},{"taxonomy":"post_tag","embeddable":true,"href":"https:\/\/radiocresatelital.com\/index.php?rest_route=%2Fwp%2Fv2%2Ftags&post=24763"}],"curies":[{"name":"wp","href":"https:\/\/api.w.org\/{rel}","templated":true}]}}