{"id":24753,"date":"2025-02-27T21:05:17","date_gmt":"2025-02-27T21:05:17","guid":{"rendered":"https:\/\/radiocresatelital.com\/?p=24753"},"modified":"2025-02-27T21:16:08","modified_gmt":"2025-02-27T21:16:08","slug":"un-trolebus-quiteno-se-convierte-en-un-espacio-de-emprendimiento-en-carch","status":"publish","type":"post","link":"https:\/\/radiocresatelital.com\/?p=24753","title":{"rendered":"Un troleb\u00fas quite\u00f1o se convierte en un espacio de emprendimiento en Carchi"},"content":{"rendered":"<p>Quito.- La historia de un troleb\u00fas quite\u00f1o est\u00e1 lejos de terminar. Despu\u00e9s de casi 30 a\u00f1os recorriendo la ciudad, una unidad de transporte se despide de la capital para emprender una nueva ruta: se convertir\u00e1 en un espacio de emprendimiento en la parroquia Garc\u00eda Moreno, en el cant\u00f3n Bol\u00edvar, Carchi.<\/p>\n<p>El Municipio de Quito realiz\u00f3 la transferencia gratuita de este troleb\u00fas no operativo al GAD Parroquial Rural de Garc\u00eda Moreno, con el objetivo de fomentar el turismo y la econom\u00eda local. La entrega estuvo a cargo de Xavier V\u00e1squez, gerente de la Empresa P\u00fablica Metropolitana de Transporte de Pasajeros, en representaci\u00f3n del alcalde Pabel Mu\u00f1oz y fue recibida por Segundo Cuasapud, presidente del GAD parroquial.<\/p>\n<p>La unidad parte este jueves hacia su nuevo destino, donde ser\u00e1 transformada en el proyecto \u00abVamos al Trole\u00bb, que incluir\u00e1 una cafeter\u00eda, un bar karaoke, un restaurante de comida t\u00edpica y un espacio de venta de artesan\u00edas.<\/p>\n<p>\u00abHoy, queremos entregarle un peque\u00f1o pedacito de la ciudad m\u00e1s linda del mundo\u00bb, destac\u00f3 V\u00e1squez, recordando que estos trolebuses fueron pioneros en la modernizaci\u00f3n del transporte en Quito.<\/p>\n<p>Por su parte, Cuasapud celebr\u00f3 esta iniciativa: \u00abEs un honor recibir esta donaci\u00f3n que ayudar\u00e1 a fortalecer el turismo y la econom\u00eda de nuestra parroquia. Somos una comunidad peque\u00f1a, pero trabajadora, y este troleb\u00fas ser\u00e1 una gran oportunidad para crecer\u00bb.<\/p>\n<p>Con esta entrega, Quito le da una segunda vida a su ic\u00f3nico troleb\u00fas, que ahora ser\u00e1 parte de la historia y el desarrollo de Garc\u00eda Moreno.<\/p>\n","protected":false},"excerpt":{"rendered":"<p>Quito.- La historia de un troleb\u00fas quite\u00f1o est\u00e1 lejos de terminar. Despu\u00e9s de casi 30 a\u00f1os recorriendo la ciudad, una unidad de transporte se despide de la capital para emprender una nueva ruta: se convertir\u00e1 en un espacio de emprendimiento en la parroquia Garc\u00eda Moreno, en el cant\u00f3n Bol\u00edvar, Carchi. El Municipio de Quito realiz\u00f3 [&hellip;]<\/p>\n","protected":false},"author":2,"featured_media":24754,"comment_status":"open","ping_status":"closed","sticky":false,"template":"","format":"standard","meta":{"_jetpack_memberships_contains_paid_content":false,"footnotes":""},"categories":[13],"tags":[3850,3898],"class_list":["post-24753","post","type-post","status-publish","format-standard","has-post-thumbnail","hentry","category-noticias-nacionales","tag-municipio-de-quito","tag-parroquia-garcia-moreno"],"jetpack_featured_media_url":"https:\/\/radiocresatelital.com\/wp-content\/uploads\/2025\/02\/WhatsApp-Image-2025-02-27-at-15.58.14.jpeg","jetpack_sharing_enabled":true,"_links":{"self":[{"href":"https:\/\/radiocresatelital.com\/index.php?rest_route=\/wp\/v2\/posts\/24753","targetHints":{"allow":["GET"]}}],"collection":[{"href":"https:\/\/radiocresatelital.com\/index.php?rest_route=\/wp\/v2\/posts"}],"about":[{"href":"https:\/\/radiocresatelital.com\/index.php?rest_route=\/wp\/v2\/types\/post"}],"author":[{"embeddable":true,"href":"https:\/\/radiocresatelital.com\/index.php?rest_route=\/wp\/v2\/users\/2"}],"replies":[{"embeddable":true,"href":"https:\/\/radiocresatelital.com\/index.php?rest_route=%2Fwp%2Fv2%2Fcomments&post=24753"}],"version-history":[{"count":2,"href":"https:\/\/radiocresatelital.com\/index.php?rest_route=\/wp\/v2\/posts\/24753\/revisions"}],"predecessor-version":[{"id":24759,"href":"https:\/\/radiocresatelital.com\/index.php?rest_route=\/wp\/v2\/posts\/24753\/revisions\/24759"}],"wp:featuredmedia":[{"embeddable":true,"href":"https:\/\/radiocresatelital.com\/index.php?rest_route=\/wp\/v2\/media\/24754"}],"wp:attachment":[{"href":"https:\/\/radiocresatelital.com\/index.php?rest_route=%2Fwp%2Fv2%2Fmedia&parent=24753"}],"wp:term":[{"taxonomy":"category","embeddable":true,"href":"https:\/\/radiocresatelital.com\/index.php?rest_route=%2Fwp%2Fv2%2Fcategories&post=24753"},{"taxonomy":"post_tag","embeddable":true,"href":"https:\/\/radiocresatelital.com\/index.php?rest_route=%2Fwp%2Fv2%2Ftags&post=24753"}],"curies":[{"name":"wp","href":"https:\/\/api.w.org\/{rel}","templated":true}]}}