{"id":24749,"date":"2025-02-27T21:02:31","date_gmt":"2025-02-27T21:02:31","guid":{"rendered":"https:\/\/radiocresatelital.com\/?p=24749"},"modified":"2025-02-27T21:02:31","modified_gmt":"2025-02-27T21:02:31","slug":"hospital-del-dia-jipijapa-presento-proyecto-de-repotenciacion","status":"publish","type":"post","link":"https:\/\/radiocresatelital.com\/?p=24749","title":{"rendered":"Hospital del D\u00eda Jipijapa present\u00f3 proyecto de repotenciaci\u00f3n"},"content":{"rendered":"<p>Jipijapa.- En territorio y de la mano de los asegurados para trabajar en mejoras sostenibles que fortalezcan los servicios de salud a escala nacional, no son enunciados sino realidades para las autoridades del IESS.<\/p>\n<p>Este jueves 27 de febrero, Eduardo Pe\u00f1a Hurtado, presidente del Consejo Directivo del Instituto Ecuatoriano de Seguridad Social, junto a Mar\u00eda de los \u00c1ngeles Rodr\u00edguez, vocal en representaci\u00f3n de los Empleadores, visitaron el Hospital del D\u00eda Jipijapa, en la provincia de Manab\u00ed.<\/p>\n<p>Recorrieron \u00e1reas estrat\u00e9gicas de la unidad m\u00e9dica y conocieron a detalle el avance de los estudios para el proyecto de repotenciaci\u00f3n, a trav\u00e9s del cual se aspira pasar de Hospital del D\u00eda a Hospital B\u00e1sico Jipijapa en beneficio de los asegurados del cant\u00f3n.<\/p>\n<p>Con la repotenciaci\u00f3n se espera fortalecer los servicios en \u00e1reas de atenci\u00f3n en varias especialidades m\u00e9dicas, la reubicaci\u00f3n de los consultorios en Consulta Externa, una nueva sala para procedimientos de gastroenterolog\u00eda, pediatr\u00eda y ginecolog\u00eda, as\u00ed como la reubicaci\u00f3n de la bodega y m\u00e1s obras en beneficio de los usuarios.<\/p>\n<p>El objetivo de este proyecto tambi\u00e9n es disminuir las derivaciones y entregar una atenci\u00f3n integral a los pacientes evitando as\u00ed el traslado a otros cantones de la provincia.<\/p>\n<p>Con esta obra se espera que 300 pacientes que acuden a Consulta Externa cuenten con un tratamiento integral que cubra sus necesidades.<\/p>\n","protected":false},"excerpt":{"rendered":"<p>Jipijapa.- En territorio y de la mano de los asegurados para trabajar en mejoras sostenibles que fortalezcan los servicios de salud a escala nacional, no son enunciados sino realidades para las autoridades del IESS. Este jueves 27 de febrero, Eduardo Pe\u00f1a Hurtado, presidente del Consejo Directivo del Instituto Ecuatoriano de Seguridad Social, junto a Mar\u00eda [&hellip;]<\/p>\n","protected":false},"author":2,"featured_media":24750,"comment_status":"open","ping_status":"closed","sticky":false,"template":"","format":"standard","meta":{"_jetpack_memberships_contains_paid_content":false,"footnotes":""},"categories":[13],"tags":[3896,3897],"class_list":["post-24749","post","type-post","status-publish","format-standard","has-post-thumbnail","hentry","category-noticias-nacionales","tag-consejo-directivo-del-instituto-ecuatoriano-de-seguridad-social","tag-hospital-del-dia-jipijapa"],"jetpack_featured_media_url":"https:\/\/radiocresatelital.com\/wp-content\/uploads\/2025\/02\/WhatsApp-Image-2025-02-27-at-15.53.45.jpeg","jetpack_sharing_enabled":true,"_links":{"self":[{"href":"https:\/\/radiocresatelital.com\/index.php?rest_route=\/wp\/v2\/posts\/24749","targetHints":{"allow":["GET"]}}],"collection":[{"href":"https:\/\/radiocresatelital.com\/index.php?rest_route=\/wp\/v2\/posts"}],"about":[{"href":"https:\/\/radiocresatelital.com\/index.php?rest_route=\/wp\/v2\/types\/post"}],"author":[{"embeddable":true,"href":"https:\/\/radiocresatelital.com\/index.php?rest_route=\/wp\/v2\/users\/2"}],"replies":[{"embeddable":true,"href":"https:\/\/radiocresatelital.com\/index.php?rest_route=%2Fwp%2Fv2%2Fcomments&post=24749"}],"version-history":[{"count":1,"href":"https:\/\/radiocresatelital.com\/index.php?rest_route=\/wp\/v2\/posts\/24749\/revisions"}],"predecessor-version":[{"id":24751,"href":"https:\/\/radiocresatelital.com\/index.php?rest_route=\/wp\/v2\/posts\/24749\/revisions\/24751"}],"wp:featuredmedia":[{"embeddable":true,"href":"https:\/\/radiocresatelital.com\/index.php?rest_route=\/wp\/v2\/media\/24750"}],"wp:attachment":[{"href":"https:\/\/radiocresatelital.com\/index.php?rest_route=%2Fwp%2Fv2%2Fmedia&parent=24749"}],"wp:term":[{"taxonomy":"category","embeddable":true,"href":"https:\/\/radiocresatelital.com\/index.php?rest_route=%2Fwp%2Fv2%2Fcategories&post=24749"},{"taxonomy":"post_tag","embeddable":true,"href":"https:\/\/radiocresatelital.com\/index.php?rest_route=%2Fwp%2Fv2%2Ftags&post=24749"}],"curies":[{"name":"wp","href":"https:\/\/api.w.org\/{rel}","templated":true}]}}