{"id":24746,"date":"2025-02-27T20:59:31","date_gmt":"2025-02-27T20:59:31","guid":{"rendered":"https:\/\/radiocresatelital.com\/?p=24746"},"modified":"2025-02-27T20:59:31","modified_gmt":"2025-02-27T20:59:31","slug":"no-lograran-quebrar-la-moral-de-nuestras-fuerzas-dijo-el-presidente-daniel-noboa-en-la-ceremonia-por-los-196-anos-de-la-batalla-de-tarqui","status":"publish","type":"post","link":"https:\/\/radiocresatelital.com\/?p=24746","title":{"rendered":"\u201cNo lograr\u00e1n quebrar la moral de nuestras fuerzas\u201d, dijo el Presidente Daniel Noboa en la ceremonia por los 196 a\u00f1os de la Batalla de Tarqui"},"content":{"rendered":"<p>Quito. \u2013 Ecuador conmemora este 27 de febrero 196 a\u00f1os de la gloriosa Batalla de Tarqui. Esta ma\u00f1ana el Presidente de la Rep\u00fablica, Daniel Noboa, acompa\u00f1\u00f3 a la ceremonia militar en honor a la fecha, al D\u00eda del Ej\u00e9rcito Ecuatoriano, del Civismo y de la Unidad Nacional en la Escuela Superior Militar Eloy Alfaro, en el norte de Quito.<\/p>\n<p>Tras casi dos siglos de haberse gestado la Batalla de Tarqui, los valores c\u00edvicos y ese esp\u00edritu inquebrantable de amor por el Ecuador permanecen firmes en las filas militares, porque su misi\u00f3n va m\u00e1s all\u00e1 de la protecci\u00f3n de la soberan\u00eda, sobrepasa la lucha contra el terrorismo y su compromiso ante desastres naturales, para llegar a zonas remotas con ayuda humanitaria. Esto es el reflejo de fuerza y solidaridad.<\/p>\n<p>Para el jefe de Estado, el respaldo a la instituci\u00f3n es contundente: \u201cSepan que no est\u00e1n solos. El Estado y el pueblo ecuatoriano los respaldan incondicionalmente. Continuaremos apoy\u00e1ndolos con el equipamiento necesario, con veh\u00edculos y con todo lo que haga falta para ganar esta guerra contra el crimen organizado\u201d.<\/p>\n<p>De igual manera, destac\u00f3 que el verdadero soldado ecuatoriano no se deja intimidar, cada ataque a su honor solo refuerza su determinaci\u00f3n: \u201cA quienes intentan debilitarlos con filtraciones malintencionadas, a quienes desde la comodidad de una oficina buscan humillarlos y exponerlos, les decimos: han fallado. No lograr\u00e1n quebrar la moral de nuestras fuerzas. No conseguir\u00e1n hacerlos dudar de su misi\u00f3n\u201d.<\/p>\n<p>Por eso el Gobierno Nacional valora y reconoce el trabajo de la instituci\u00f3n que protege a la naci\u00f3n para devolver la paz y la seguridad \u201carrebatada por los narcocriminales en complicidad con pol\u00edticos que durante d\u00e9cadas lucraron con la angustia y el dolor del pueblo ecuatoriano\u201d, agreg\u00f3 Noboa.<\/p>\n<p>El Comandante General del Ej\u00e9rcito, Fernando Adatty Albuja, acot\u00f3 que esta fecha simboliza la unidad y civismo de la naci\u00f3n. Agreg\u00f3 que el pueblo ecuatoriano est\u00e1 cansado de vivir con miedo, de ver como los criminales tienen m\u00e1s derecho que las v\u00edctimas y no soportan m\u00e1s la impunidad.<\/p>\n<p>\u201cDe nada sirve el sacrificio del soldado si quienes comenten delitos son liberados despu\u00e9s, volviendo a sembrar el terror en las calles. No podemos permitir que quienes arriesgan su vida sean tratados como criminales, no merecen desconfianza ni persecuci\u00f3n, sino respaldo, garant\u00edas y respeto por su labor\u201d, exclam\u00f3.<\/p>\n<p>Para el Presidente se est\u00e1 escribiendo la historia del Nuevo Ecuador, en la que las futuras generaciones ver\u00e1n con orgullo c\u00f3mo el gobierno le plant\u00f3 la cara al terrorismo y c\u00f3mo recuperamos el pa\u00eds de las garras de la violencia: \u201cNo vamos a ceder ni un territorio a la criminalidad; queremos una vida de paz, de trabajo y de desarrollo. Esa es nuestra misi\u00f3n y nadie va a detenernos (\u2026)\u201d.<\/p>\n<p>Durante la ceremonia se condecor\u00f3 al m\u00e9rito militar en el grado de Gran Cruz al estandarte de las unidades militares que se destacaron en las operaciones de seguridad. Tambi\u00e9n se entregaron pergaminos a los estudiantes abanderados.<\/p>\n","protected":false},"excerpt":{"rendered":"<p>Quito. \u2013 Ecuador conmemora este 27 de febrero 196 a\u00f1os de la gloriosa Batalla de Tarqui. Esta ma\u00f1ana el Presidente de la Rep\u00fablica, Daniel Noboa, acompa\u00f1\u00f3 a la ceremonia militar en honor a la fecha, al D\u00eda del Ej\u00e9rcito Ecuatoriano, del Civismo y de la Unidad Nacional en la Escuela Superior Militar Eloy Alfaro, en [&hellip;]<\/p>\n","protected":false},"author":2,"featured_media":24747,"comment_status":"open","ping_status":"closed","sticky":false,"template":"","format":"standard","meta":{"_jetpack_memberships_contains_paid_content":false,"footnotes":""},"categories":[13],"tags":[3895,1322],"class_list":["post-24746","post","type-post","status-publish","format-standard","has-post-thumbnail","hentry","category-noticias-nacionales","tag-batalla-de-tarqui","tag-presidente-daniel-noboa"],"jetpack_featured_media_url":"https:\/\/radiocresatelital.com\/wp-content\/uploads\/2025\/02\/54353693422_d66337d6fc_c.jpg","jetpack_sharing_enabled":true,"_links":{"self":[{"href":"https:\/\/radiocresatelital.com\/index.php?rest_route=\/wp\/v2\/posts\/24746","targetHints":{"allow":["GET"]}}],"collection":[{"href":"https:\/\/radiocresatelital.com\/index.php?rest_route=\/wp\/v2\/posts"}],"about":[{"href":"https:\/\/radiocresatelital.com\/index.php?rest_route=\/wp\/v2\/types\/post"}],"author":[{"embeddable":true,"href":"https:\/\/radiocresatelital.com\/index.php?rest_route=\/wp\/v2\/users\/2"}],"replies":[{"embeddable":true,"href":"https:\/\/radiocresatelital.com\/index.php?rest_route=%2Fwp%2Fv2%2Fcomments&post=24746"}],"version-history":[{"count":1,"href":"https:\/\/radiocresatelital.com\/index.php?rest_route=\/wp\/v2\/posts\/24746\/revisions"}],"predecessor-version":[{"id":24748,"href":"https:\/\/radiocresatelital.com\/index.php?rest_route=\/wp\/v2\/posts\/24746\/revisions\/24748"}],"wp:featuredmedia":[{"embeddable":true,"href":"https:\/\/radiocresatelital.com\/index.php?rest_route=\/wp\/v2\/media\/24747"}],"wp:attachment":[{"href":"https:\/\/radiocresatelital.com\/index.php?rest_route=%2Fwp%2Fv2%2Fmedia&parent=24746"}],"wp:term":[{"taxonomy":"category","embeddable":true,"href":"https:\/\/radiocresatelital.com\/index.php?rest_route=%2Fwp%2Fv2%2Fcategories&post=24746"},{"taxonomy":"post_tag","embeddable":true,"href":"https:\/\/radiocresatelital.com\/index.php?rest_route=%2Fwp%2Fv2%2Ftags&post=24746"}],"curies":[{"name":"wp","href":"https:\/\/api.w.org\/{rel}","templated":true}]}}