{"id":24737,"date":"2025-02-27T20:24:36","date_gmt":"2025-02-27T20:24:36","guid":{"rendered":"https:\/\/radiocresatelital.com\/?p=24737"},"modified":"2025-02-27T20:24:36","modified_gmt":"2025-02-27T20:24:36","slug":"concejo-municipal-aprobo-convenio-para-ejecutar-el-programa-deportivo-vacacional-en-beneficio-de-1-500-ninos-y-adolescentes","status":"publish","type":"post","link":"https:\/\/radiocresatelital.com\/?p=24737","title":{"rendered":"Concejo Municipal aprob\u00f3 convenio para ejecutar el programa deportivo vacacional en beneficio de 1.500 ni\u00f1os y adolescentes"},"content":{"rendered":"<p>Guayaquil.- El Concejo Municipal, liderado por el Alcalde Aquiles Alvarez, aprob\u00f3 un convenio para impulsar el programa deportivo vacacional \u2018Guayaquil Ciudad de Todos los Deportes\u2019, que beneficiar\u00e1 a 1.500 ni\u00f1os, ni\u00f1as y adolescentes de sectores populares de la ciudad.<\/p>\n<p>Este proyecto se desarrollar\u00e1 en el Parque Samanes, de lunes a viernes, del 6 de marzo al 17 de abril en horario de 08h30 a 12h30 locales (13h30 a 17h30 GMT).<\/p>\n<p>\u201cEste convenio forma parte de esa visi\u00f3n que tenemos para convertir a Guayaquil en Capital Americana del Deporte 2026, un camino que estamos llevando de manera correcta (\u2026) este tipo de programas se suman a esa nueva visi\u00f3n que tenemos de la ciudad\u201d, explic\u00f3 la Vicealcaldesa Blanca L\u00f3pez, quien mocion\u00f3 la propuesta.<\/p>\n<p>Las disciplinas que se impartir\u00e1n son f\u00fatbol de playa, b\u00e1squet, v\u00f3ley, atletismo, bal\u00f3n mano y mini f\u00fatbol. Habr\u00e1 120 profesores, 20 cuidadores especializados en ni\u00f1os de 6 a 7 a\u00f1os, personal m\u00e9dico, log\u00edstico y de seguridad.<\/p>\n<p>El Alcalde, de su parte, destac\u00f3 que la intenci\u00f3n es que la ni\u00f1ez y j\u00f3venes de la ciudad \u201ctengan ocupada la mente\u201d. Y defendi\u00f3 la firma del convenio. \u201cCada vez que se paga una factura aqu\u00ed hay control previo, hay un proceso, un procedimiento para pagar un centavo (\u2026) no hay nada chueco en el Municipio de Guayaquil\u201d.<\/p>\n<p>El cuerpo edilicio aprob\u00f3 tambi\u00e9n la propuesta de convenio de daci\u00f3n de pago con bonos del Estado, que efect\u00faa el Ministerio de Econom\u00eda y Finanzas por la asignaci\u00f3n del mes de diciembre de 2024 respecto del concepto de modelo de equidad territorial.<\/p>\n<p>La concejala Emily Vera refiri\u00f3 que \u00e9ste es un pago en papel. \u201cEsa es la realidad, nos dan los recursos que nos corresponden por Ley en papeles nuevamente. El Gobierno Nacional no est\u00e1 al d\u00eda con el Municipio de Guayaquil\u201d.<\/p>\n<p>De su parte, la concejala Ana Ch\u00f3ez reclam\u00f3 por la falta de asignaciones por parte del Gobierno Central. \u201cNo son una d\u00e1diva, son dineros que por Constituci\u00f3n y justicia le pertenecen a los Municipios, Prefecturas, Juntas Parroquiales (\u2026) me preocupa porque eso merma la capacidad de ejecuci\u00f3n en obras y servicios para la gente\u201d, asegur\u00f3.<\/p>\n","protected":false},"excerpt":{"rendered":"<p>Guayaquil.- El Concejo Municipal, liderado por el Alcalde Aquiles Alvarez, aprob\u00f3 un convenio para impulsar el programa deportivo vacacional \u2018Guayaquil Ciudad de Todos los Deportes\u2019, que beneficiar\u00e1 a 1.500 ni\u00f1os, ni\u00f1as y adolescentes de sectores populares de la ciudad. Este proyecto se desarrollar\u00e1 en el Parque Samanes, de lunes a viernes, del 6 de marzo [&hellip;]<\/p>\n","protected":false},"author":2,"featured_media":24738,"comment_status":"open","ping_status":"closed","sticky":false,"template":"","format":"standard","meta":{"_jetpack_memberships_contains_paid_content":false,"footnotes":""},"categories":[9],"tags":[1519,2157],"class_list":["post-24737","post","type-post","status-publish","format-standard","has-post-thumbnail","hentry","category-deportes","tag-alcalde-aquiles-alvarez","tag-concejo-municipal"],"jetpack_featured_media_url":"https:\/\/radiocresatelital.com\/wp-content\/uploads\/2025\/02\/WhatsApp-Image-2025-02-27-at-15.10.42.jpeg","jetpack_sharing_enabled":true,"_links":{"self":[{"href":"https:\/\/radiocresatelital.com\/index.php?rest_route=\/wp\/v2\/posts\/24737","targetHints":{"allow":["GET"]}}],"collection":[{"href":"https:\/\/radiocresatelital.com\/index.php?rest_route=\/wp\/v2\/posts"}],"about":[{"href":"https:\/\/radiocresatelital.com\/index.php?rest_route=\/wp\/v2\/types\/post"}],"author":[{"embeddable":true,"href":"https:\/\/radiocresatelital.com\/index.php?rest_route=\/wp\/v2\/users\/2"}],"replies":[{"embeddable":true,"href":"https:\/\/radiocresatelital.com\/index.php?rest_route=%2Fwp%2Fv2%2Fcomments&post=24737"}],"version-history":[{"count":1,"href":"https:\/\/radiocresatelital.com\/index.php?rest_route=\/wp\/v2\/posts\/24737\/revisions"}],"predecessor-version":[{"id":24739,"href":"https:\/\/radiocresatelital.com\/index.php?rest_route=\/wp\/v2\/posts\/24737\/revisions\/24739"}],"wp:featuredmedia":[{"embeddable":true,"href":"https:\/\/radiocresatelital.com\/index.php?rest_route=\/wp\/v2\/media\/24738"}],"wp:attachment":[{"href":"https:\/\/radiocresatelital.com\/index.php?rest_route=%2Fwp%2Fv2%2Fmedia&parent=24737"}],"wp:term":[{"taxonomy":"category","embeddable":true,"href":"https:\/\/radiocresatelital.com\/index.php?rest_route=%2Fwp%2Fv2%2Fcategories&post=24737"},{"taxonomy":"post_tag","embeddable":true,"href":"https:\/\/radiocresatelital.com\/index.php?rest_route=%2Fwp%2Fv2%2Ftags&post=24737"}],"curies":[{"name":"wp","href":"https:\/\/api.w.org\/{rel}","templated":true}]}}