{"id":24734,"date":"2025-02-27T20:20:36","date_gmt":"2025-02-27T20:20:36","guid":{"rendered":"https:\/\/radiocresatelital.com\/?p=24734"},"modified":"2025-02-27T20:20:36","modified_gmt":"2025-02-27T20:20:36","slug":"pruebas-balisticas-de-alto-impacto-demuestran-la-excelencia-del-equipamiento-de-seguridad-de-las-fuerzas-armadas","status":"publish","type":"post","link":"https:\/\/radiocresatelital.com\/?p=24734","title":{"rendered":"Pruebas bal\u00edsticas de alto impacto demuestran la excelencia del equipamiento de seguridad de las Fuerzas Armadas"},"content":{"rendered":"<p>Quito. \u2013 La ma\u00f1ana de este jueves 26 de enero, el Ministro de Defensa, Gian Carlo Loffredo, lider\u00f3 una inspecci\u00f3n al equipamiento t\u00e1ctico adquirido para las Fuerzas Armadas (F.AA.), a fin de evidenciar, con pruebas bal\u00edsticas en el pol\u00edgono de tiro, los altos est\u00e1ndares de calidad y de seguridad<br \/>\nque cumplen los chalecos y cascos de los uniformados.<\/p>\n<p>Durante esta demostraci\u00f3n, en la que participaron medios de comunicaci\u00f3n, el Ministro afirm\u00f3 categ\u00f3ricamente: \u201cTienen la promesa de este Gobierno, de las FF.AA. y del comandante en jefe, el presidente Daniel Noboa Azin, que no vamos a claudicar en esta lucha contra las mafias, narcotraficantes y corrupci\u00f3n\u201d.<\/p>\n<p>En esta actividad, chalecos elegidos de manera aleatoria fueron expuestos a pruebas bal\u00edsticas, evidenci\u00e1ndose su alto grado de efectividad. En ese sentido, el Ministro explic\u00f3 que los chalecos, de marca HEDS con 20 capas de protecci\u00f3n, lograron detener la penetraci\u00f3n de la bala entre la segunda y la<br \/>\ncuarta capa, superando as\u00ed la norma de seguridad.<\/p>\n<p>De esta manera, explic\u00f3 que se desmienten las falsas acusaciones que intentan posicionar intereses oscuros con respecto a la legitimidad de la contrataci\u00f3n del equipamiento de las fuerzas del orden. \u201cEs gente que quiere disminuir la capacidad de FF.AA. Estos chalecos les dan ventaja t\u00e1ctica a nuestros soldados contra el enemigo (\u2026) Mafias con intereses pol\u00edticos y delincuenciales quieren que debilitar a nuestras FF.AA., que quieren quitarle la tracci\u00f3n a este Ministerio de Defensa en los operativos que est\u00e1n realizando en territorio\u201d, puntualiz\u00f3 la autoridad de Defensa.<\/p>\n<p>As\u00ed tambi\u00e9n, Gian Carlo Loffredo brind\u00f3 una explicaci\u00f3n detallada sobre el proceso de contrataci\u00f3n con High End Defense Solutions LLC (HEDS) por USD 34 millones.<\/p>\n<p>Como primer punto, el concurso se elev\u00f3 a trav\u00e9s del Servicio de Contrataci\u00f3n y Compras P\u00fablicas (Sercop) llegando a 4.200 proveedores invitados. El proveedor estaba totalmente habilitado para su participaci\u00f3n al momento de la firma de contrato, que se dio el 19 de agosto de 2024.<\/p>\n<p>Del mismo modo, los t\u00e9rminos de referencia, que delimitan las condiciones que deben cumplir estos elementos de protecci\u00f3n, fueron estructurados t\u00e9cnicamente por las Fuerzas Armadas y posteriormente,<br \/>\npas\u00f3 por el aval de una Comisi\u00f3n T\u00e9cnica con representantes de las fuerzas terrestre, a\u00e9rea y naval.<\/p>\n<p>En esta l\u00ednea, la comisi\u00f3n viaj\u00f3 a Estados Unidos, autorizada por el Departamento de Justicia de ese pa\u00eds, para hacer las pruebas de calidad en un laboratorio. Al respecto, dijo el Ministro, hay un informe del 25 al 28 de noviembre con los resultados y, adicionalmente, en la National Institute of Justice (NIJ), reposan las certificaciones correspondientes.<\/p>\n<p>Con respecto a la probidad de la empresa adjudicada; describi\u00f3 que la entidad vende a pa\u00edses como Colombia, Per\u00fa, M\u00e9xico, Guardia Costera de los Estados Unidos, los Marines de Estados Unidos y agencias de FBI.<\/p>\n<p>As\u00ed tambi\u00e9n, el Ministro de Defensa inform\u00f3 que la contrataci\u00f3n, cuyo presupuesto referencial era USD 39 millones, se cerr\u00f3 por USD 34 millones. Con ello se desmonta cualquier teor\u00eda de sobreprecios.<\/p>\n<p>Finalmente, con relaci\u00f3n al informe de supuesta inconformidad elaborado por un grupo de oficiales, que no son parte de la comisi\u00f3n que particip\u00f3 en el proceso, el Ministro afirm\u00f3 que responde a una afectaci\u00f3n de intereses oscuros que buscan \u201cmancillar este contrato a ver si se cae y probablemente se contrate con esas empresas que se repart\u00edan en el Ministerio de Defensa\u201d.<\/p>\n<p>Para el gobierno Nacional es fundamental dotar de equipamiento de alta calidad, m\u00e1s a\u00fan cuando se libra una batalla hist\u00f3rica contra los Grupos de Delincuencia Organizada (GDO), en el contexto de una guerra interna. Por consiguiente, frente a las calumnias, la respuesta del Ejecutivo ser\u00e1 demostrar con m\u00e1s trabajo y transparencia su resguardo a la poblaci\u00f3n.<\/p>\n","protected":false},"excerpt":{"rendered":"<p>Quito. \u2013 La ma\u00f1ana de este jueves 26 de enero, el Ministro de Defensa, Gian Carlo Loffredo, lider\u00f3 una inspecci\u00f3n al equipamiento t\u00e1ctico adquirido para las Fuerzas Armadas (F.AA.), a fin de evidenciar, con pruebas bal\u00edsticas en el pol\u00edgono de tiro, los altos est\u00e1ndares de calidad y de seguridad que cumplen los chalecos y cascos [&hellip;]<\/p>\n","protected":false},"author":2,"featured_media":24735,"comment_status":"open","ping_status":"closed","sticky":false,"template":"","format":"standard","meta":{"_jetpack_memberships_contains_paid_content":false,"footnotes":""},"categories":[13],"tags":[3033,509],"class_list":["post-24734","post","type-post","status-publish","format-standard","has-post-thumbnail","hentry","category-noticias-nacionales","tag-gian-carlo-loffredo","tag-ministro-de-defensa"],"jetpack_featured_media_url":"https:\/\/radiocresatelital.com\/wp-content\/uploads\/2025\/02\/969d28635c0de32b0ae6465eb6819805_XL.jpg","jetpack_sharing_enabled":true,"_links":{"self":[{"href":"https:\/\/radiocresatelital.com\/index.php?rest_route=\/wp\/v2\/posts\/24734","targetHints":{"allow":["GET"]}}],"collection":[{"href":"https:\/\/radiocresatelital.com\/index.php?rest_route=\/wp\/v2\/posts"}],"about":[{"href":"https:\/\/radiocresatelital.com\/index.php?rest_route=\/wp\/v2\/types\/post"}],"author":[{"embeddable":true,"href":"https:\/\/radiocresatelital.com\/index.php?rest_route=\/wp\/v2\/users\/2"}],"replies":[{"embeddable":true,"href":"https:\/\/radiocresatelital.com\/index.php?rest_route=%2Fwp%2Fv2%2Fcomments&post=24734"}],"version-history":[{"count":1,"href":"https:\/\/radiocresatelital.com\/index.php?rest_route=\/wp\/v2\/posts\/24734\/revisions"}],"predecessor-version":[{"id":24736,"href":"https:\/\/radiocresatelital.com\/index.php?rest_route=\/wp\/v2\/posts\/24734\/revisions\/24736"}],"wp:featuredmedia":[{"embeddable":true,"href":"https:\/\/radiocresatelital.com\/index.php?rest_route=\/wp\/v2\/media\/24735"}],"wp:attachment":[{"href":"https:\/\/radiocresatelital.com\/index.php?rest_route=%2Fwp%2Fv2%2Fmedia&parent=24734"}],"wp:term":[{"taxonomy":"category","embeddable":true,"href":"https:\/\/radiocresatelital.com\/index.php?rest_route=%2Fwp%2Fv2%2Fcategories&post=24734"},{"taxonomy":"post_tag","embeddable":true,"href":"https:\/\/radiocresatelital.com\/index.php?rest_route=%2Fwp%2Fv2%2Ftags&post=24734"}],"curies":[{"name":"wp","href":"https:\/\/api.w.org\/{rel}","templated":true}]}}