{"id":24671,"date":"2025-02-26T00:48:01","date_gmt":"2025-02-26T00:48:01","guid":{"rendered":"https:\/\/radiocresatelital.com\/?p=24671"},"modified":"2025-02-26T00:48:01","modified_gmt":"2025-02-26T00:48:01","slug":"asambleista-niels-olsen-y-cruzada-nueva-humanidad-llegaron-a-naranjito","status":"publish","type":"post","link":"https:\/\/radiocresatelital.com\/?p=24671","title":{"rendered":"Asambleista Niels Olsen y Cruzada Nueva Humanidad llegaron a Naranjito"},"content":{"rendered":"<p>Naranjito.- Por medio de la gesti\u00f3n de Eloisa Ter\u00e1n, Jefa Pol\u00edtica del cant\u00f3n Naranjito, la ma\u00f1ana de este martes 25 de febrero, en la cancha de los exteriores del Estadio, en la Cdla. Jaime Rold\u00f3s, arrib\u00f3 la cruzada Nueva Humanidad.<\/p>\n<p>Esta cruzada trajo consigo, atenci\u00f3n en medicina general y entrega de medicamentos gratuitos, para mas de 200 naranjite\u00f1os y naranjite\u00f1as de todas las edades, que se beneficiaron de la mencionada actividad gratuita.<\/p>\n<p>Polic\u00eda Comunitaria, tuvo un stand dedicado a los infantes, d\u00f3nde disfrutaron de actividades l\u00fadicas y participaron de juegos tradicionales, c\u00f3mo la rayuela.<\/p>\n<p>El Ministerio de Salud activ\u00f3 una brigada de vacunaci\u00f3n y el Ministerio de Educaci\u00f3n, en su stand, socializ\u00f3 con los asistentes, la cartera de servicios que brinda la instituci\u00f3n rectora de la educaci\u00f3n a nivel nacional.<\/p>\n<p>Las brigadas m\u00e9dicas, son muy importantes para apoyar a los diferentes sectores; \u00abjustamente estamos en Naranjito, d\u00f3nde m\u00e1s de 200 personas, mis vecinos, se van a poder hacer atender, gracias a la Cruzada Nueva Humanidad, de la Dra. Anabella Az\u00edn\u00bb, expres\u00f3 el Asambleista electo, Niels Olsen.<\/p>\n<p>Quien tambi\u00e9n mencion\u00f3 que en esta actividad, habr\u00eda aprovechado para conversar y conocer la problem\u00e1tica social de la localidad. \u00abPor ejemplo, acabamos de conversar con Jhon, que maneja una fundaci\u00f3n de ni\u00f1os con discapacidad y nos ha solicitado silla de ruedas para ni\u00f1os\u00bb, seg\u00fan argument\u00f3 Olsen, mismo que asegur\u00f3, que a partir de ese momento, el equipo estar\u00eda gestionando las ayudas t\u00e9cnicas, para brindarle apoyo a la fundaci\u00f3n local.<\/p>\n","protected":false},"excerpt":{"rendered":"<p>Naranjito.- Por medio de la gesti\u00f3n de Eloisa Ter\u00e1n, Jefa Pol\u00edtica del cant\u00f3n Naranjito, la ma\u00f1ana de este martes 25 de febrero, en la cancha de los exteriores del Estadio, en la Cdla. Jaime Rold\u00f3s, arrib\u00f3 la cruzada Nueva Humanidad. Esta cruzada trajo consigo, atenci\u00f3n en medicina general y entrega de medicamentos gratuitos, para mas [&hellip;]<\/p>\n","protected":false},"author":2,"featured_media":24672,"comment_status":"open","ping_status":"closed","sticky":false,"template":"","format":"standard","meta":{"_jetpack_memberships_contains_paid_content":false,"footnotes":""},"categories":[13],"tags":[3880,3879],"class_list":["post-24671","post","type-post","status-publish","format-standard","has-post-thumbnail","hentry","category-noticias-nacionales","tag-eloisa-teran","tag-jefa-politica-del-canton-naranjito"],"jetpack_featured_media_url":"https:\/\/radiocresatelital.com\/wp-content\/uploads\/2025\/02\/WhatsApp-Image-2025-02-25-at-19.43.02.jpeg","jetpack_sharing_enabled":true,"_links":{"self":[{"href":"https:\/\/radiocresatelital.com\/index.php?rest_route=\/wp\/v2\/posts\/24671","targetHints":{"allow":["GET"]}}],"collection":[{"href":"https:\/\/radiocresatelital.com\/index.php?rest_route=\/wp\/v2\/posts"}],"about":[{"href":"https:\/\/radiocresatelital.com\/index.php?rest_route=\/wp\/v2\/types\/post"}],"author":[{"embeddable":true,"href":"https:\/\/radiocresatelital.com\/index.php?rest_route=\/wp\/v2\/users\/2"}],"replies":[{"embeddable":true,"href":"https:\/\/radiocresatelital.com\/index.php?rest_route=%2Fwp%2Fv2%2Fcomments&post=24671"}],"version-history":[{"count":1,"href":"https:\/\/radiocresatelital.com\/index.php?rest_route=\/wp\/v2\/posts\/24671\/revisions"}],"predecessor-version":[{"id":24673,"href":"https:\/\/radiocresatelital.com\/index.php?rest_route=\/wp\/v2\/posts\/24671\/revisions\/24673"}],"wp:featuredmedia":[{"embeddable":true,"href":"https:\/\/radiocresatelital.com\/index.php?rest_route=\/wp\/v2\/media\/24672"}],"wp:attachment":[{"href":"https:\/\/radiocresatelital.com\/index.php?rest_route=%2Fwp%2Fv2%2Fmedia&parent=24671"}],"wp:term":[{"taxonomy":"category","embeddable":true,"href":"https:\/\/radiocresatelital.com\/index.php?rest_route=%2Fwp%2Fv2%2Fcategories&post=24671"},{"taxonomy":"post_tag","embeddable":true,"href":"https:\/\/radiocresatelital.com\/index.php?rest_route=%2Fwp%2Fv2%2Ftags&post=24671"}],"curies":[{"name":"wp","href":"https:\/\/api.w.org\/{rel}","templated":true}]}}