{"id":2467,"date":"2023-08-12T04:08:54","date_gmt":"2023-08-12T04:08:54","guid":{"rendered":"https:\/\/radiocresatelital.com\/?p=2467"},"modified":"2023-08-12T04:08:54","modified_gmt":"2023-08-12T04:08:54","slug":"kevin-de-bruyne-fuera-de-las-canchas-por-algun-tiempo","status":"publish","type":"post","link":"https:\/\/radiocresatelital.com\/?p=2467","title":{"rendered":"Kevin De Bruyne fuera de las canchas por alg\u00fan tiempo"},"content":{"rendered":"<p class=\"qa-introduction gel-pica-bold\" role=\"introduction\" data-reactid=\".jojl95jele.0.0.0.1.$paragraph-1\"><span data-reactid=\".jojl95jele.0.0.0.1.$paragraph-1.0\">Londres.- El volante del Manchester City, Kevin de Bruyne, estar\u00e1 alejado de las canchas por un tiempo a\u00fan no determinado luego que sufri\u00f3 una lesi\u00f3n en el tend\u00f3n de la corva contra el Burnley, dice el t\u00e9cnico Pep Guardiola.<\/span><\/p>\n<div data-reactid=\".jojl95jele.0.0.0.1.$paragraph-2\">\n<p class=\"\" data-reactid=\".jojl95jele.0.0.0.1.$paragraph-2.0\"><span data-reactid=\".jojl95jele.0.0.0.1.$paragraph-2.0.0\">De Bruyne sali\u00f3 cojeando despu\u00e9s de 23 minutos en el partido inaugural de la temporada el viernes, que el City, ganador del triplete, gan\u00f3 c\u00f3modamente por 3-0.<\/span><\/p>\n<\/div>\n<p class=\"\" data-reactid=\".jojl95jele.0.0.0.1.$paragraph-3\"><span data-reactid=\".jojl95jele.0.0.0.1.$paragraph-3.0\">El internacional belga dur\u00f3 36 minutos de la victoria final de la Liga de Campeones sobre el Inter de Mil\u00e1n en junio.<\/span><\/p>\n<p class=\"\" data-reactid=\".jojl95jele.0.0.0.1.$paragraph-4\"><span data-reactid=\".jojl95jele.0.0.0.1.$paragraph-4.0\">\u00abDesafortunadamente, volvi\u00f3 a lesionarse\u00bb, dijo Guardiola.<\/span><\/p>\n<p class=\"\" data-reactid=\".jojl95jele.0.0.0.1.$paragraph-5\"><span data-reactid=\".jojl95jele.0.0.0.1.$paragraph-5.0\">\u00abEs el mismo lugar y posici\u00f3n de la lesi\u00f3n que lo alejar\u00e1 de las canchas por un tiempo\u00bb.<\/span><\/p>\n<p>De Bruyne anot\u00f3 10 goles y brind\u00f3 31 asistencias cuando el City gan\u00f3 la Champions League, la Premier League y la FA Cup la temporada pasada.<\/p>\n<p class=\"\" data-reactid=\".jojl95jele.0.0.0.1.$paragraph-8\"><span data-reactid=\".jojl95jele.0.0.0.1.$paragraph-8.0\">Dijo a principios de este mes que hab\u00eda estado jugando con el dolor de una lesi\u00f3n en el tend\u00f3n de la corva durante los \u00faltimos dos meses de la campa\u00f1a.<\/span><\/p>\n<p class=\"\" data-reactid=\".jojl95jele.0.0.0.1.$paragraph-9\"><span data-reactid=\".jojl95jele.0.0.0.1.$paragraph-9.0\">El jugador de 32 a\u00f1os jug\u00f3 durante media hora en el Community Shield del fin de semana pasado, pero fall\u00f3 un penalti en la tanda de penales cuando el Arsenal levant\u00f3 el trofeo.<\/span><\/p>\n<p class=\"\" data-reactid=\".jojl95jele.0.0.0.1.$paragraph-10\"><span data-reactid=\".jojl95jele.0.0.0.1.$paragraph-10.0\">Pero se derrumb\u00f3 nuevamente en Burnley y fue reemplazado por el fichaje de verano Mateo Kovacic, quien hizo su debut en la Ciudad.<\/span><\/p>\n<div class=\"teads-inread sm-screen teads-display-format\">\n<div>\n<div class=\"teads-ui-components-label\">\u00abSe recuper\u00f3 bien [despu\u00e9s de salir lesionado en la final de la Liga de Campeones] pero ahora lo volvimos a perder\u00bb, dijo Guardiola a Sky Sports. \u201cEs hora de reflexionar, de hablar con los m\u00e9dicos sobre lo que pas\u00f3 con \u00e9l.<\/div>\n<\/div>\n<\/div>\n<p class=\"\" data-reactid=\".jojl95jele.0.0.0.1.$paragraph-12\"><span data-reactid=\".jojl95jele.0.0.0.1.$paragraph-12.0\">\u00abTiene que relajarse y recuperarse y volver. Se sent\u00eda muy bien y jugaba muy bien en los primeros minutos, pero desafortunadamente ahora est\u00e1 lesionado nuevamente\u00bb.<\/span><\/p>\n<p class=\"\" data-reactid=\".jojl95jele.0.0.0.1.$paragraph-15\"><span data-reactid=\".jojl95jele.0.0.0.1.$paragraph-15.0\">Cuando se le pregunt\u00f3 si deber\u00eda haber evitado correr el riesgo de iniciar a De Bruyne en Turf Moor, Guardiola dijo: \u00abTal vez. Pero lo que sucedi\u00f3 en 15 minutos puede suceder despu\u00e9s de 60, 65 o 70 minutos cuando llega la fatiga\u00bb.<\/span><\/p>\n<p class=\"\" data-reactid=\".jojl95jele.0.0.0.1.$paragraph-16\"><span data-reactid=\".jojl95jele.0.0.0.1.$paragraph-16.0\">El jefe de Burnley, Vincent Kompany, agreg\u00f3: \u00abEspero que \u00e9l est\u00e9 bien. Qu\u00e9 jugador es\u00bb.<\/span><\/p>\n<p class=\"\" data-reactid=\".jojl95jele.0.0.0.1.$paragraph-17\"><span data-reactid=\".jojl95jele.0.0.0.1.$paragraph-17.0\">Erling Haaland anot\u00f3 dos veces y Rodri agreg\u00f3 un gol en la segunda mitad cuando los Clarets sufrieron un regreso decepcionante a la m\u00e1xima categor\u00eda.<\/span><\/p>\n<p class=\"\" data-reactid=\".jojl95jele.0.0.0.1.$paragraph-18\"><span data-reactid=\".jojl95jele.0.0.0.1.$paragraph-18.0\">Hubo algunos disturbios en Turf Moor, con el adolescente del City Rico Lewis golpeado por un objeto que fue arrojado desde las gradas en la primera mitad.<\/span><\/p>\n<p class=\"\" data-reactid=\".jojl95jele.0.0.0.1.$paragraph-19\"><span data-reactid=\".jojl95jele.0.0.0.1.$paragraph-19.0\">Otro espectador tambi\u00e9n intent\u00f3 correr al terreno de juego durante la segunda mitad, pero fue detenido por seguridad.<\/span><\/p>\n<p class=\"\" data-reactid=\".jojl95jele.0.0.0.1.$paragraph-20\"><span data-reactid=\".jojl95jele.0.0.0.1.$paragraph-20.0\">\u201cSomos conscientes de un incidente que ocurri\u00f3 en el que se arroj\u00f3 un misil al jugador del Manchester City, Rico Lewis\u201d, se lee en un comunicado del Burnley.<\/span><\/p>\n<p class=\"\" data-reactid=\".jojl95jele.0.0.0.1.$paragraph-21\"><span data-reactid=\".jojl95jele.0.0.0.1.$paragraph-21.0\">\u00abEsto es inaceptable. La persona responsable ha sido identificada y retirada del suelo por la polic\u00eda.<\/span><\/p>\n<p class=\"\" data-reactid=\".jojl95jele.0.0.0.1.$paragraph-22\"><span data-reactid=\".jojl95jele.0.0.0.1.$paragraph-22.0\">\u00abCualquier individuo declarado culpable de lanzar misiles dentro del estadio recibir\u00e1 una orden de prohibici\u00f3n\u00bb.<\/span><\/p>\n","protected":false},"excerpt":{"rendered":"<p>Londres.- El volante del Manchester City, Kevin de Bruyne, estar\u00e1 alejado de las canchas por un tiempo a\u00fan no determinado luego que sufri\u00f3 una lesi\u00f3n en el tend\u00f3n de la corva contra el Burnley, dice el t\u00e9cnico Pep Guardiola. De Bruyne sali\u00f3 cojeando despu\u00e9s de 23 minutos en el partido inaugural de la temporada el [&hellip;]<\/p>\n","protected":false},"author":2,"featured_media":2468,"comment_status":"open","ping_status":"closed","sticky":false,"template":"","format":"standard","meta":{"_jetpack_memberships_contains_paid_content":false,"footnotes":""},"categories":[7],"tags":[523,504],"class_list":["post-2467","post","type-post","status-publish","format-standard","has-post-thumbnail","hentry","category-futbol-internacional","tag-kevin-de-bruyne","tag-manchester-city"],"jetpack_featured_media_url":"https:\/\/radiocresatelital.com\/wp-content\/uploads\/2023\/08\/kevin-bruyne.webp","jetpack_sharing_enabled":true,"_links":{"self":[{"href":"https:\/\/radiocresatelital.com\/index.php?rest_route=\/wp\/v2\/posts\/2467","targetHints":{"allow":["GET"]}}],"collection":[{"href":"https:\/\/radiocresatelital.com\/index.php?rest_route=\/wp\/v2\/posts"}],"about":[{"href":"https:\/\/radiocresatelital.com\/index.php?rest_route=\/wp\/v2\/types\/post"}],"author":[{"embeddable":true,"href":"https:\/\/radiocresatelital.com\/index.php?rest_route=\/wp\/v2\/users\/2"}],"replies":[{"embeddable":true,"href":"https:\/\/radiocresatelital.com\/index.php?rest_route=%2Fwp%2Fv2%2Fcomments&post=2467"}],"version-history":[{"count":1,"href":"https:\/\/radiocresatelital.com\/index.php?rest_route=\/wp\/v2\/posts\/2467\/revisions"}],"predecessor-version":[{"id":2469,"href":"https:\/\/radiocresatelital.com\/index.php?rest_route=\/wp\/v2\/posts\/2467\/revisions\/2469"}],"wp:featuredmedia":[{"embeddable":true,"href":"https:\/\/radiocresatelital.com\/index.php?rest_route=\/wp\/v2\/media\/2468"}],"wp:attachment":[{"href":"https:\/\/radiocresatelital.com\/index.php?rest_route=%2Fwp%2Fv2%2Fmedia&parent=2467"}],"wp:term":[{"taxonomy":"category","embeddable":true,"href":"https:\/\/radiocresatelital.com\/index.php?rest_route=%2Fwp%2Fv2%2Fcategories&post=2467"},{"taxonomy":"post_tag","embeddable":true,"href":"https:\/\/radiocresatelital.com\/index.php?rest_route=%2Fwp%2Fv2%2Ftags&post=2467"}],"curies":[{"name":"wp","href":"https:\/\/api.w.org\/{rel}","templated":true}]}}