{"id":24668,"date":"2025-02-26T00:37:55","date_gmt":"2025-02-26T00:37:55","guid":{"rendered":"https:\/\/radiocresatelital.com\/?p=24668"},"modified":"2025-02-26T00:37:55","modified_gmt":"2025-02-26T00:37:55","slug":"mediante-incentivos-tributarios-de-gobierno-nacional-la-cooperacion-entre-el-sector-publico-y-privado-refuerza-la-seguridad-en-el-oro-con-20-patrulleros","status":"publish","type":"post","link":"https:\/\/radiocresatelital.com\/?p=24668","title":{"rendered":"Mediante incentivos tributarios de Gobierno Nacional, la cooperaci\u00f3n entre el sector p\u00fablico y privado refuerza la seguridad en El Oro con 20 patrulleros"},"content":{"rendered":"<p>Pasaje. \u2013 Este 25 de febrero, el Gobierno Nacional lider\u00f3 la entrega de 20 patrulleros donados por empresas privadas para reforzar la seguridad ciudadana y fortalecer las acciones preventivas de la Polic\u00eda Nacional en la provincia de El Oro. El presidente Daniel Noboa Azin particip\u00f3 en el evento, desarrollado en el cant\u00f3n Pasaje, y constat\u00f3 personalmente que los veh\u00edculos cumplan con los est\u00e1ndares operativos necesarios para su uso inmediato.<\/p>\n<p>Esta cooperaci\u00f3n fue posible gracias a los incentivos tributarios implementados por la actual administraci\u00f3n, que permiten una deducci\u00f3n adicional del 150 % en el impuesto a la renta por donaciones de equipamiento y suministros destinados a la Polic\u00eda Nacional, seg\u00fan lo establecido en el art\u00edculo 10 de la Ley de R\u00e9gimen Tributario Interno.<\/p>\n<p>El ministro del Interior, John Reimberg, destac\u00f3 que cada vez m\u00e1s sectores se suman al compromiso de combatir el enemigo com\u00fan que amenaza la seguridad nacional. Resalt\u00f3 la importancia de la unidad para fortalecer la labor de las fuerzas del orden. \u201cLa empresa privada conf\u00eda plenamente en la Polic\u00eda Nacional, una gran muestra de eso es lo que sucede hoy. Hoy nos han entregado 20 camionetas totalmente equipadas, matriculadas y aseguradas para el trabajo de la Polic\u00eda Nacional\u201d, expres\u00f3.<\/p>\n<p>Adem\u00e1s, anunci\u00f3 que ma\u00f1ana se recibir\u00e1n 20 patrulleros m\u00e1s, ampliando as\u00ed el alcance de esta iniciativa, en el marco del proceso administrativo de Donaciones con Beneficio Tributario.<\/p>\n<p>Los patrulleros tipo camioneta doble cabina, equipados con sirena y baliza, est\u00e1n habilitados para su uso inmediato y ser\u00e1n distribuidos en 10 distritos policiales de la provincia: Machala, Pasaje, Huaquillas, Arenillas, Zaruma, Pi\u00f1as, Santa Rosa, Guabo, Portovelo y Atahualpa, fortaleciendo la capacidad de la Polic\u00eda Nacional y beneficiando a m\u00e1s de 690.000 habitantes.<\/p>\n<p>Asimismo, el Ministro del Interior extendi\u00f3 un mensaje a los uniformados: \u201ctengan la plena confianza que el gobierno est\u00e1 trabajando para cumplir con todas las necesidades que tiene Polic\u00eda Nacional.<\/p>\n<p>Ustedes son el brazo m\u00e1s importante que tenemos aqu\u00ed; ustedes tienen a cargo la seguridad del pa\u00eds\u201d.<br \/>\nCon estas acciones concretas, el Gobierno Nacional reafirma su compromiso de trabajar junto al sector privado para fortalecer la seguridad ciudadana, promoviendo incentivos que benefician a las empresas y generan un impacto positivo en la sociedad.<\/p>\n<p><strong>Otras actividades en El Oro<\/strong><br \/>\nPosteriormente, el presidente Noboa tambi\u00e9n se reuni\u00f3 con ni\u00f1as, ni\u00f1os y adolescentes deportistas, quienes recibieron del Ministerio del Deporte 800 kits que contienen camisetas, gorras y otros insumos. Tanto la ministra de Educaci\u00f3n, Alegr\u00eda Crespo; y del Deporte, Jos\u00e9 David Jim\u00e9nez, coincidieron en que el Gobierno Nacional tiene un enfoque espec\u00edfico para fomentar el deporte en la ni\u00f1ez y adolescencia ecuatoriana.<\/p>\n","protected":false},"excerpt":{"rendered":"<p>Pasaje. \u2013 Este 25 de febrero, el Gobierno Nacional lider\u00f3 la entrega de 20 patrulleros donados por empresas privadas para reforzar la seguridad ciudadana y fortalecer las acciones preventivas de la Polic\u00eda Nacional en la provincia de El Oro. El presidente Daniel Noboa Azin particip\u00f3 en el evento, desarrollado en el cant\u00f3n Pasaje, y constat\u00f3 [&hellip;]<\/p>\n","protected":false},"author":2,"featured_media":24669,"comment_status":"open","ping_status":"closed","sticky":false,"template":"","format":"standard","meta":{"_jetpack_memberships_contains_paid_content":false,"footnotes":""},"categories":[13],"tags":[157,1322],"class_list":["post-24668","post","type-post","status-publish","format-standard","has-post-thumbnail","hentry","category-noticias-nacionales","tag-gobierno-nacional","tag-presidente-daniel-noboa"],"jetpack_featured_media_url":"https:\/\/radiocresatelital.com\/wp-content\/uploads\/2025\/02\/54350171792_7ec44036bf_c.jpg","jetpack_sharing_enabled":true,"_links":{"self":[{"href":"https:\/\/radiocresatelital.com\/index.php?rest_route=\/wp\/v2\/posts\/24668","targetHints":{"allow":["GET"]}}],"collection":[{"href":"https:\/\/radiocresatelital.com\/index.php?rest_route=\/wp\/v2\/posts"}],"about":[{"href":"https:\/\/radiocresatelital.com\/index.php?rest_route=\/wp\/v2\/types\/post"}],"author":[{"embeddable":true,"href":"https:\/\/radiocresatelital.com\/index.php?rest_route=\/wp\/v2\/users\/2"}],"replies":[{"embeddable":true,"href":"https:\/\/radiocresatelital.com\/index.php?rest_route=%2Fwp%2Fv2%2Fcomments&post=24668"}],"version-history":[{"count":1,"href":"https:\/\/radiocresatelital.com\/index.php?rest_route=\/wp\/v2\/posts\/24668\/revisions"}],"predecessor-version":[{"id":24670,"href":"https:\/\/radiocresatelital.com\/index.php?rest_route=\/wp\/v2\/posts\/24668\/revisions\/24670"}],"wp:featuredmedia":[{"embeddable":true,"href":"https:\/\/radiocresatelital.com\/index.php?rest_route=\/wp\/v2\/media\/24669"}],"wp:attachment":[{"href":"https:\/\/radiocresatelital.com\/index.php?rest_route=%2Fwp%2Fv2%2Fmedia&parent=24668"}],"wp:term":[{"taxonomy":"category","embeddable":true,"href":"https:\/\/radiocresatelital.com\/index.php?rest_route=%2Fwp%2Fv2%2Fcategories&post=24668"},{"taxonomy":"post_tag","embeddable":true,"href":"https:\/\/radiocresatelital.com\/index.php?rest_route=%2Fwp%2Fv2%2Ftags&post=24668"}],"curies":[{"name":"wp","href":"https:\/\/api.w.org\/{rel}","templated":true}]}}