{"id":24665,"date":"2025-02-26T00:05:00","date_gmt":"2025-02-26T00:05:00","guid":{"rendered":"https:\/\/radiocresatelital.com\/?p=24665"},"modified":"2025-02-26T00:05:00","modified_gmt":"2025-02-26T00:05:00","slug":"mas-de-700-000-ciudadanos-cuenta-con-moderna-y-rehabilitada-obra-vial-el-paso-lateral-de-pasaje-de-9-2-kilometros","status":"publish","type":"post","link":"https:\/\/radiocresatelital.com\/?p=24665","title":{"rendered":"M\u00e1s de 700.000 ciudadanos cuenta con moderna y rehabilitada obra vial: El paso lateral de Pasaje de 9.2 kil\u00f3metros"},"content":{"rendered":"<p>Machala. \u2013 La conectividad vial es uno de los pilares del desarrollo productivo del Ecuador. Bajo esta consigna, el Gobierno Nacional, liderado por el presidente de la Rep\u00fablica, Daniel Noboa Azin, a trav\u00e9s del Ministerio de Transporte y Obras P\u00fablicas (MTOP) inaugur\u00f3 este martes 25 de febrero, el Paso Lateral de Pasaje. Esta infraestructura de 9.2 Km cont\u00f3 con una inversi\u00f3n de USD 6,7 millones para beneficio de 714.592 habitantes de El Oro y Azuay.<\/p>\n<p>El Jefe de Estado manifest\u00f3 que esta obra, abandonada durante a\u00f1os por parte de los gobiernos anteriores, ahora es una realidad que se traduce en seguridad, progreso y calidad de vida para las personas, por cuanto podr\u00e1n movilizarse con mayor facilidad. \u201cDurante a\u00f1os, vimos c\u00f3mo las obras se quedaban en el olvido, c\u00f3mo el dinero del pueblo se despilfarraba en lugar de usarse para mejorar la vida de los ecuatorianos\u201d, reproch\u00f3 Noboa. Por consiguiente, asegur\u00f3 que su administraci\u00f3n trabajar\u00e1 de manera permanente por dignificar la vida de los ciudadanos.<\/p>\n<p>La v\u00eda Estatal denominada como \u201cPaso Lateral Pasaje\u201d se ha constituido, por su posici\u00f3n geogr\u00e1fica, en uno de los ejes principales del crecimiento de la provincia de El Oro, ya que sirve de uni\u00f3n entre las provincias de El Oro y Azuay, con un alto volumen de tr\u00e1fico. Por ello, para el Ejecutivo, el trabajo articulado con los Gobiernos Aut\u00f3nomos Descentralizados reviste fundamental importancia para atender a las necesidades de la poblaci\u00f3n, sin considerar banderas pol\u00edticas.<\/p>\n<p>Precisamente, Roberto Luque, ministro de Transporte y Obras P\u00fablicas, expres\u00f3 que con una inversi\u00f3n de USD 3 millones por parte del Gobierno Central, esta obra reducir\u00e1 tiempos de viaje, optimizar\u00e1 costos de transporte, fortalecer\u00e1 la competitividad de la provincia y dotar\u00e1 de dignidad a los pasaje\u00f1os.<\/p>\n<p>En esta l\u00ednea Jorge Granda, secretario general del Sindicato de Choferes, en representaci\u00f3n de los transportistas, declar\u00f3 que este d\u00eda es hist\u00f3rico \u201cporque los conductores y ciudadanos que transit\u00e1bamos por esta v\u00eda padec\u00edamos muchas consecuencias (&#8230;). Por ello, se agradece porque la conectividad vial aporta al desarrollo productivo, econ\u00f3mico, tur\u00edstico y mucho m\u00e1s\u201d, sostuvo.<\/p>\n<p>A este criterio se sum\u00f3 Clemente Bravo, prefecto de El Oro, quien realz\u00f3 la actitud del Mandatario para potenciar al Ecuador a pesar de las adversidades. \u201cEsta era una de las obras m\u00e1s colapsadas de la regi\u00f3n\u201d, lament\u00f3. Por consiguiente, afirm\u00f3 categ\u00f3ricamente que la consolidaci\u00f3n de este paso lateral es una decisi\u00f3n patri\u00f3tica que reivindica la calidad de vida de los ciudadanos. \u201cSon m\u00e1s de tres a\u00f1os que esperamos y, en menos de tres meses, con el presidente Noboa, se desembolsaron los USD 3 millones\u201d, congratul\u00f3 la autoridad local.<\/p>\n<p>Adem\u00e1s, en el marco de este evento, se firm\u00f3 un Convenio Marco de Cooperaci\u00f3n Interinstitucional entre el MTOP y el GADP El Oro, para la realizaci\u00f3n de estudios definitivos para la ampliaci\u00f3n de 4 carriles , rectificaci\u00f3n y mejoramiento de la carretera E-584, Tramo PasajeBuena Vista \u2013 \u201cY\u201d Del Enano con una longitud aproximada de 11 km.<\/p>\n<p>Al respecto, el Presidente de la Rep\u00fablica afirm\u00f3: \u201cnosotros no vamos a permitir que se reviva la miseria, que se reviva el atraso y todo lo que ustedes rechazaron. Le apostamos a la esperanza, progreso y un Nuevo Ecuador que decide todos los d\u00edas luchar contra las mafias para tener mejores d\u00edas\u201d, concluy\u00f3.<\/p>\n","protected":false},"excerpt":{"rendered":"<p>Machala. \u2013 La conectividad vial es uno de los pilares del desarrollo productivo del Ecuador. Bajo esta consigna, el Gobierno Nacional, liderado por el presidente de la Rep\u00fablica, Daniel Noboa Azin, a trav\u00e9s del Ministerio de Transporte y Obras P\u00fablicas (MTOP) inaugur\u00f3 este martes 25 de febrero, el Paso Lateral de Pasaje. Esta infraestructura de [&hellip;]<\/p>\n","protected":false},"author":2,"featured_media":24666,"comment_status":"open","ping_status":"closed","sticky":false,"template":"","format":"standard","meta":{"_jetpack_memberships_contains_paid_content":false,"footnotes":""},"categories":[13],"tags":[1322],"class_list":["post-24665","post","type-post","status-publish","format-standard","has-post-thumbnail","hentry","category-noticias-nacionales","tag-presidente-daniel-noboa"],"jetpack_featured_media_url":"https:\/\/radiocresatelital.com\/wp-content\/uploads\/2025\/02\/54350939856_f789f98f77_c.jpg","jetpack_sharing_enabled":true,"_links":{"self":[{"href":"https:\/\/radiocresatelital.com\/index.php?rest_route=\/wp\/v2\/posts\/24665","targetHints":{"allow":["GET"]}}],"collection":[{"href":"https:\/\/radiocresatelital.com\/index.php?rest_route=\/wp\/v2\/posts"}],"about":[{"href":"https:\/\/radiocresatelital.com\/index.php?rest_route=\/wp\/v2\/types\/post"}],"author":[{"embeddable":true,"href":"https:\/\/radiocresatelital.com\/index.php?rest_route=\/wp\/v2\/users\/2"}],"replies":[{"embeddable":true,"href":"https:\/\/radiocresatelital.com\/index.php?rest_route=%2Fwp%2Fv2%2Fcomments&post=24665"}],"version-history":[{"count":1,"href":"https:\/\/radiocresatelital.com\/index.php?rest_route=\/wp\/v2\/posts\/24665\/revisions"}],"predecessor-version":[{"id":24667,"href":"https:\/\/radiocresatelital.com\/index.php?rest_route=\/wp\/v2\/posts\/24665\/revisions\/24667"}],"wp:featuredmedia":[{"embeddable":true,"href":"https:\/\/radiocresatelital.com\/index.php?rest_route=\/wp\/v2\/media\/24666"}],"wp:attachment":[{"href":"https:\/\/radiocresatelital.com\/index.php?rest_route=%2Fwp%2Fv2%2Fmedia&parent=24665"}],"wp:term":[{"taxonomy":"category","embeddable":true,"href":"https:\/\/radiocresatelital.com\/index.php?rest_route=%2Fwp%2Fv2%2Fcategories&post=24665"},{"taxonomy":"post_tag","embeddable":true,"href":"https:\/\/radiocresatelital.com\/index.php?rest_route=%2Fwp%2Fv2%2Ftags&post=24665"}],"curies":[{"name":"wp","href":"https:\/\/api.w.org\/{rel}","templated":true}]}}