{"id":24662,"date":"2025-02-25T23:31:01","date_gmt":"2025-02-25T23:31:01","guid":{"rendered":"https:\/\/radiocresatelital.com\/?p=24662"},"modified":"2025-02-25T23:31:01","modified_gmt":"2025-02-25T23:31:01","slug":"municipio-de-duran-fortalece-el-trabajo-frente-a-la-emergencia-tras-intensas-lluvias","status":"publish","type":"post","link":"https:\/\/radiocresatelital.com\/?p=24662","title":{"rendered":"Municipio de Dur\u00e1n fortalece el trabajo frente a la emergencia tras intensas lluvias"},"content":{"rendered":"<p>Dur\u00e1n.- El Municipio de Dur\u00e1n ha intensificado sus esfuerzos para mitigar los efectos de la temporada invernal, implementando brigadas m\u00e9dicas, entrega de kits de alimentos, fumigaciones, evaluaci\u00f3n de da\u00f1os, despliegue de maquinaria en zonas afectadas y limpieza de sumideros, en la ciudadela El Recreo, 5 de Junio, Roberto Gilbert, La Modular, Eloy Alfaro, Abel Gilbert Pont\u00f3n 2, Sector 288 Hect\u00e1reas, Fincas Delia, La Herradura y Nuevos Horizontes. Estas acciones estrat\u00e9gicas buscan reducir el impacto de las lluvias y proteger a sus habitantes.<\/p>\n<p>Asimismo, cabe resaltar que se encuentra activo el Sistema de Alerta Temprana, el chat comunitario que le permite a los l\u00edderes barriales alerta sobre inundaciones mayores a 40 mm, y el sistema de sirenas que advierte sobre la intensidad de las lluvias.<\/p>\n<p>\u201cNos encontramos en una constante vigilancia, ya que el bienestar de nuestros ciudadanos es nuestra mayor prioridad. Este trabajo incansable no solo es fruto de la planificaci\u00f3n previa, sino tambi\u00e9n del compromiso y dedicaci\u00f3n de todos los que conforman nuestra comunidad\u201d, afirm\u00f3 Gonzalo Menoscal, director de Gesti\u00f3n de Riesgos.<\/p>\n<p>Las precipitaciones han sido intensas en los \u00faltimos meses. En diciembre de 2024 se registraron 91.8 mm de lluvia, en enero 139.4 mm y hasta el 21 de febrero de 2025 un acumulado de 314 mm, sumando un total de 545.2 mm. A esto se suma la mala disposici\u00f3n de la basura y el irrespeto de los horarios de<br \/>\nrecolecci\u00f3n causando el taponamiento del sistema de alcantarillado y evitando el correcto drenaje de los canales, lo que dificulta la evacuaci\u00f3n del agua debido a la ubicaci\u00f3n de Dur\u00e1n en la cuenca baja del r\u00edo Guayas.<\/p>\n<p>El 22 de febrero, entre las 19h55 y 21h15, cayeron 71.91 mm de lluvia en solo 1 hora y 20 minutos, provocando inundaciones y elevando la acumulaci\u00f3n a 107.7 mm en 24 horas. Seg\u00fan la Direcci\u00f3n de Gesti\u00f3n de Riesgos, esto ha dejado 2.986 viviendas afectadas y ha impactado a 14.944 personas.<\/p>\n<p>El Municipio de Dur\u00e1n reafirma su compromiso con la seguridad de sus habitantes y continuar\u00e1 implementando medidas preventivas para mitigar los efectos de la temporada inverna<\/p>\n","protected":false},"excerpt":{"rendered":"<p>Dur\u00e1n.- El Municipio de Dur\u00e1n ha intensificado sus esfuerzos para mitigar los efectos de la temporada invernal, implementando brigadas m\u00e9dicas, entrega de kits de alimentos, fumigaciones, evaluaci\u00f3n de da\u00f1os, despliegue de maquinaria en zonas afectadas y limpieza de sumideros, en la ciudadela El Recreo, 5 de Junio, Roberto Gilbert, La Modular, Eloy Alfaro, Abel Gilbert [&hellip;]<\/p>\n","protected":false},"author":2,"featured_media":24663,"comment_status":"open","ping_status":"closed","sticky":false,"template":"","format":"standard","meta":{"_jetpack_memberships_contains_paid_content":false,"footnotes":""},"categories":[13],"tags":[1420],"class_list":["post-24662","post","type-post","status-publish","format-standard","has-post-thumbnail","hentry","category-noticias-nacionales","tag-municipio-de-duran"],"jetpack_featured_media_url":"https:\/\/radiocresatelital.com\/wp-content\/uploads\/2025\/02\/WhatsApp-Image-2025-02-25-at-18.12.17-scaled.jpeg","jetpack_sharing_enabled":true,"_links":{"self":[{"href":"https:\/\/radiocresatelital.com\/index.php?rest_route=\/wp\/v2\/posts\/24662","targetHints":{"allow":["GET"]}}],"collection":[{"href":"https:\/\/radiocresatelital.com\/index.php?rest_route=\/wp\/v2\/posts"}],"about":[{"href":"https:\/\/radiocresatelital.com\/index.php?rest_route=\/wp\/v2\/types\/post"}],"author":[{"embeddable":true,"href":"https:\/\/radiocresatelital.com\/index.php?rest_route=\/wp\/v2\/users\/2"}],"replies":[{"embeddable":true,"href":"https:\/\/radiocresatelital.com\/index.php?rest_route=%2Fwp%2Fv2%2Fcomments&post=24662"}],"version-history":[{"count":1,"href":"https:\/\/radiocresatelital.com\/index.php?rest_route=\/wp\/v2\/posts\/24662\/revisions"}],"predecessor-version":[{"id":24664,"href":"https:\/\/radiocresatelital.com\/index.php?rest_route=\/wp\/v2\/posts\/24662\/revisions\/24664"}],"wp:featuredmedia":[{"embeddable":true,"href":"https:\/\/radiocresatelital.com\/index.php?rest_route=\/wp\/v2\/media\/24663"}],"wp:attachment":[{"href":"https:\/\/radiocresatelital.com\/index.php?rest_route=%2Fwp%2Fv2%2Fmedia&parent=24662"}],"wp:term":[{"taxonomy":"category","embeddable":true,"href":"https:\/\/radiocresatelital.com\/index.php?rest_route=%2Fwp%2Fv2%2Fcategories&post=24662"},{"taxonomy":"post_tag","embeddable":true,"href":"https:\/\/radiocresatelital.com\/index.php?rest_route=%2Fwp%2Fv2%2Ftags&post=24662"}],"curies":[{"name":"wp","href":"https:\/\/api.w.org\/{rel}","templated":true}]}}