{"id":24653,"date":"2025-02-25T22:52:13","date_gmt":"2025-02-25T22:52:13","guid":{"rendered":"https:\/\/radiocresatelital.com\/?p=24653"},"modified":"2025-02-25T22:52:13","modified_gmt":"2025-02-25T22:52:13","slug":"prevencion-de-enfermedades-vectoriales-se-socializa-con-usuarios-de-la-red-publica-integral-de-salud","status":"publish","type":"post","link":"https:\/\/radiocresatelital.com\/?p=24653","title":{"rendered":"Prevenci\u00f3n de enfermedades vectoriales se socializa con usuarios de la Red P\u00fablica Integral de Salud"},"content":{"rendered":"<p>Guayaquil.- Durante el mes de febrero el personal de control vectorial de los diferentes distritos de la Coordinaci\u00f3n Zonal 8 \u2013 Salud que incluye los cantones de Guayaquil, Samborond\u00f3n y Dur\u00e1n socializ\u00f3 con los usuarios del Instituto Ecuatoriano de Seguridad Social (IESS) acerca de la prevenci\u00f3n de enfermedades vectoriales como dengue, chikungunya y zika.<\/p>\n<p>Esta actividad se desarroll\u00f3 en las salas de espera de los hospitales del IESS: Sur Valdivia, Norte Tarqui, Efr\u00e9n Jurado, Teodoro Maldonado Carbo, Los Ceibos y Dur\u00e1n, adem\u00e1s en el Centro de Especialidades Letamendi, donde el personal \u00a0de control vectorial estuvo acompa\u00f1ado del personaje \u201cPablito, Adi\u00f3s a los mosquitos\u201d.<\/p>\n<p>Se recorrieron las instalaciones recordando a los usuarios c\u00f3mo lavar los reservorios de agua, cambiar el agua de los floreros, evitar agua estancada y tapar todos los recipientes. Se les brind\u00f3 informaci\u00f3n sobre medidas de prevenci\u00f3n como el uso de repelente, mosquiteros, ropa clara y prendas que cubran la mayor parte del cuerpo.<\/p>\n<p>Asimismo, se les inform\u00f3 sobre la aplicaci\u00f3n \u201cBusca mosquitos\u201d, la misma que servir\u00e1 para identificar y reportar los criaderos de mosquitos en el sector y as\u00ed el personal de salud realizar las visitas pertinentes para tener un barrio libre de mosquitos y trabajar de la mano con la comunidad.<\/p>\n<p>Tambi\u00e9n se recomend\u00f3 a la ciudadan\u00eda que en caso de presentar casos febriles no deben automedicarse y procurar acudir al centro de salud m\u00e1s cercano a su domicilio.<\/p>\n<p>\u201cEs bueno lo que se est\u00e1 haciendo por nosotros, porque con esta campa\u00f1a se educa de una mejor manera a grandes y chicos a no tener criaderos de mosquitos y sobre todo a prevenir dentro de nuestros hogares estas enfermedades que, de no ser tratadas, pueden llegar a ser mortales para nuestra salud\u201d, dijo Zoraida Zurita, usuaria.<\/p>\n<p>Esta cartera de Estado seguir\u00e1 implementando acciones de prevenci\u00f3n en territorio para garantizar el cuidado de la salud y el bienestar de la poblaci\u00f3n.<\/p>\n","protected":false},"excerpt":{"rendered":"<p>Guayaquil.- Durante el mes de febrero el personal de control vectorial de los diferentes distritos de la Coordinaci\u00f3n Zonal 8 \u2013 Salud que incluye los cantones de Guayaquil, Samborond\u00f3n y Dur\u00e1n socializ\u00f3 con los usuarios del Instituto Ecuatoriano de Seguridad Social (IESS) acerca de la prevenci\u00f3n de enfermedades vectoriales como dengue, chikungunya y zika. Esta [&hellip;]<\/p>\n","protected":false},"author":2,"featured_media":24654,"comment_status":"open","ping_status":"closed","sticky":false,"template":"","format":"standard","meta":{"_jetpack_memberships_contains_paid_content":false,"footnotes":""},"categories":[13],"tags":[1961],"class_list":["post-24653","post","type-post","status-publish","format-standard","has-post-thumbnail","hentry","category-noticias-nacionales","tag-instituto-ecuatoriano-de-seguridad-social"],"jetpack_featured_media_url":"https:\/\/radiocresatelital.com\/wp-content\/uploads\/2025\/02\/IMG_9590.jpeg","jetpack_sharing_enabled":true,"_links":{"self":[{"href":"https:\/\/radiocresatelital.com\/index.php?rest_route=\/wp\/v2\/posts\/24653","targetHints":{"allow":["GET"]}}],"collection":[{"href":"https:\/\/radiocresatelital.com\/index.php?rest_route=\/wp\/v2\/posts"}],"about":[{"href":"https:\/\/radiocresatelital.com\/index.php?rest_route=\/wp\/v2\/types\/post"}],"author":[{"embeddable":true,"href":"https:\/\/radiocresatelital.com\/index.php?rest_route=\/wp\/v2\/users\/2"}],"replies":[{"embeddable":true,"href":"https:\/\/radiocresatelital.com\/index.php?rest_route=%2Fwp%2Fv2%2Fcomments&post=24653"}],"version-history":[{"count":1,"href":"https:\/\/radiocresatelital.com\/index.php?rest_route=\/wp\/v2\/posts\/24653\/revisions"}],"predecessor-version":[{"id":24655,"href":"https:\/\/radiocresatelital.com\/index.php?rest_route=\/wp\/v2\/posts\/24653\/revisions\/24655"}],"wp:featuredmedia":[{"embeddable":true,"href":"https:\/\/radiocresatelital.com\/index.php?rest_route=\/wp\/v2\/media\/24654"}],"wp:attachment":[{"href":"https:\/\/radiocresatelital.com\/index.php?rest_route=%2Fwp%2Fv2%2Fmedia&parent=24653"}],"wp:term":[{"taxonomy":"category","embeddable":true,"href":"https:\/\/radiocresatelital.com\/index.php?rest_route=%2Fwp%2Fv2%2Fcategories&post=24653"},{"taxonomy":"post_tag","embeddable":true,"href":"https:\/\/radiocresatelital.com\/index.php?rest_route=%2Fwp%2Fv2%2Ftags&post=24653"}],"curies":[{"name":"wp","href":"https:\/\/api.w.org\/{rel}","templated":true}]}}