{"id":24644,"date":"2025-02-25T22:12:58","date_gmt":"2025-02-25T22:12:58","guid":{"rendered":"https:\/\/radiocresatelital.com\/?p=24644"},"modified":"2025-02-25T22:13:08","modified_gmt":"2025-02-25T22:13:08","slug":"la-prefectura-ciudadana-del-guayas-desplego-contingente-para-atencion-simultanea-a-zonas-afectadas","status":"publish","type":"post","link":"https:\/\/radiocresatelital.com\/?p=24644","title":{"rendered":"La Prefectura Ciudadana del Guayas despleg\u00f3 contingente para atenci\u00f3n simult\u00e1nea a zonas afectadas"},"content":{"rendered":"<p><span style=\"font-weight: 400;\">Guayaquil.- En un hecho sin precedentes, la prefecta Marcela Agui\u00f1aga y el viceprefecto Carlos Serrano lideraron los equipos de la Prefectura Ciudadana del Guayas que se movilizaron, de manera simult\u00e1nea, a 6 cantones para asistir a familias afectadas por las lluvias y el desbordamiento de r\u00edos, a causa del duro invierno.<\/span><\/p>\n<p><span style=\"font-weight: 400;\">En total, se entregaron m\u00e1s de 1.700 kits de ayuda humanitaria y kits de dormir, en Yaguachi, Salitre, Daule, Santa Luc\u00eda, Palestina y Colimes; tambi\u00e9n se brind\u00f3 atenci\u00f3n m\u00e9dica y medicinas gratuitas a m\u00e1s de 640 ni\u00f1os y personas en situaci\u00f3n vulnerable.<\/span><\/p>\n<p><span style=\"font-weight: 400;\">La prefecta Agui\u00f1aga se traslad\u00f3 hasta La Victoria 2 y la Cdla. Pedro J. Montero, en Yaguachi. En el primer sitio, las calles estaban llenas de lodo y agua, a causa de las fuertes precipitaciones de los \u00faltimos d\u00edas. \u201cRecuerden que no est\u00e1n solos, estamos nosotros aqu\u00ed para acompa\u00f1arlos\u2026 Estamos dando el apoyo y estamos coordinando las emergencias que nos reportan los se\u00f1ores alcaldes\u201d, garantiz\u00f3 la ejecutiva guayasense.<\/span><\/p>\n<p><span style=\"font-weight: 400;\">Sara Gonz\u00e1lez, de 71 a\u00f1os, fue una de las beneficiarias, con atenci\u00f3n m\u00e9dica y medicinas gratuitas para ella y su nieta. \u201cS\u00ed, me han dado los remedios que yo quiero\u201d, resalt\u00f3. Mientras que Gina Hurtado aprovech\u00f3 la ayuda que \u201cla prefecta del Guayas nos env\u00eda a las personas que nos estamos inundando. Hay muchos mosquitos, los ni\u00f1os est\u00e1n faltos de vitaminas y tienen picaz\u00f3n en la piel\u2026 A mi hijo le dieron vitaminas y repelentes\u201d.<\/span><\/p>\n<p><span style=\"font-weight: 400;\">El viceprefecto Carlos Serrano se traslad\u00f3 hasta Daule y Santa Luc\u00eda, donde se atendi\u00f3 a pobladores de recintos como Estacada, San Andr\u00e9s, Providencia, Los Mangos, Abejones, Dos Revesas, Las Pi\u00f1as y Maderas Negras. \u201cDesde la Prefectura seguimos trabajando para brindar apoyo y alivio a quienes m\u00e1s lo necesitan\u201d, les expres\u00f3 a los beneficiarios.<\/span><\/p>\n<p><span style=\"font-weight: 400;\">Azucena Lozano, una de las beneficiarias de Daule, expres\u00f3 su profundo agradecimiento a la prefecta Agui\u00f1aga. \u201cEstas medicinas y kits nos llegan en un momento muy duro para nuestras familias, gracias por preocuparse por nosotros y brindarnos este apoyo tan necesario\u201d.<\/span><\/p>\n<p><span style=\"font-weight: 400;\">En Colimes, a la entrega de kits y colchones en los recintos Mesada de Abajo y Mesada de Arriba se sum\u00f3 una inspecci\u00f3n del trabajo que se realiza en el estero Paj\u00e1n para devolver la conectividad y el paso hacia ambos recintos, tras los recientes deslizamientos.\u00a0<\/span><\/p>\n","protected":false},"excerpt":{"rendered":"<p>Guayaquil.- En un hecho sin precedentes, la prefecta Marcela Agui\u00f1aga y el viceprefecto Carlos Serrano lideraron los equipos de la Prefectura Ciudadana del Guayas que se movilizaron, de manera simult\u00e1nea, a 6 cantones para asistir a familias afectadas por las lluvias y el desbordamiento de r\u00edos, a causa del duro invierno. En total, se entregaron [&hellip;]<\/p>\n","protected":false},"author":2,"featured_media":24645,"comment_status":"open","ping_status":"closed","sticky":false,"template":"","format":"standard","meta":{"_jetpack_memberships_contains_paid_content":false,"footnotes":""},"categories":[13],"tags":[2699,415],"class_list":["post-24644","post","type-post","status-publish","format-standard","has-post-thumbnail","hentry","category-noticias-nacionales","tag-prefecta-marcela-aguinaga","tag-prefectura-ciudadana-del-guayas"],"jetpack_featured_media_url":"https:\/\/radiocresatelital.com\/wp-content\/uploads\/2025\/02\/IMG-20250225-WA0086-scaled.jpg","jetpack_sharing_enabled":true,"_links":{"self":[{"href":"https:\/\/radiocresatelital.com\/index.php?rest_route=\/wp\/v2\/posts\/24644","targetHints":{"allow":["GET"]}}],"collection":[{"href":"https:\/\/radiocresatelital.com\/index.php?rest_route=\/wp\/v2\/posts"}],"about":[{"href":"https:\/\/radiocresatelital.com\/index.php?rest_route=\/wp\/v2\/types\/post"}],"author":[{"embeddable":true,"href":"https:\/\/radiocresatelital.com\/index.php?rest_route=\/wp\/v2\/users\/2"}],"replies":[{"embeddable":true,"href":"https:\/\/radiocresatelital.com\/index.php?rest_route=%2Fwp%2Fv2%2Fcomments&post=24644"}],"version-history":[{"count":1,"href":"https:\/\/radiocresatelital.com\/index.php?rest_route=\/wp\/v2\/posts\/24644\/revisions"}],"predecessor-version":[{"id":24646,"href":"https:\/\/radiocresatelital.com\/index.php?rest_route=\/wp\/v2\/posts\/24644\/revisions\/24646"}],"wp:featuredmedia":[{"embeddable":true,"href":"https:\/\/radiocresatelital.com\/index.php?rest_route=\/wp\/v2\/media\/24645"}],"wp:attachment":[{"href":"https:\/\/radiocresatelital.com\/index.php?rest_route=%2Fwp%2Fv2%2Fmedia&parent=24644"}],"wp:term":[{"taxonomy":"category","embeddable":true,"href":"https:\/\/radiocresatelital.com\/index.php?rest_route=%2Fwp%2Fv2%2Fcategories&post=24644"},{"taxonomy":"post_tag","embeddable":true,"href":"https:\/\/radiocresatelital.com\/index.php?rest_route=%2Fwp%2Fv2%2Ftags&post=24644"}],"curies":[{"name":"wp","href":"https:\/\/api.w.org\/{rel}","templated":true}]}}