{"id":24617,"date":"2025-02-25T20:48:10","date_gmt":"2025-02-25T20:48:10","guid":{"rendered":"https:\/\/radiocresatelital.com\/?p=24617"},"modified":"2025-02-25T20:48:10","modified_gmt":"2025-02-25T20:48:10","slug":"tras-declaratoria-de-emergencia-gobernacion-del-guayas-fortalecera-presencia-gubernamental-para-atender-a-familias-afectadas","status":"publish","type":"post","link":"https:\/\/radiocresatelital.com\/?p=24617","title":{"rendered":"Tras declaratoria de emergencia Gobernaci\u00f3n del Guayas fortalecer\u00e1 presencia gubernamental para atender a familias afectadas"},"content":{"rendered":"<p>Guayaquil.- As\u00ed lo resolvi\u00f3 la Comisi\u00f3n Ejecutiva Provincial presidida por la gobernadora Zaida Rovira. Durante la reuni\u00f3n con los coordinadores zonales se evaluaron en detalle las ayudas canalizadas a las familias afectadas por la fuerte estaci\u00f3n invernal. Esta reuni\u00f3n tuvo lugar en la Gobernaci\u00f3n del Guayas tras la declaratoria de emergencia por parte del COE Nacional, que incluye a la provincia de Guayas.<\/p>\n<p>Estas estrategias refuerzan las acciones que, desde el inicio de las lluvias, se han ejecutado en el territorio, especialmente en aquellas \u00e1reas no contempladas en la planificaci\u00f3n de los gobiernos aut\u00f3nomos descentralizados (GADs) municipales.<\/p>\n<p>Zaida Rovira hizo especial \u00e9nfasis en la activaci\u00f3n del Ministerio de Transporte, que actualmente est\u00e1 realizando el relleno de calles en varios cantones donde el aumento del nivel del agua ha causado fuertes inundaciones, y su presencia ser\u00e1 permanente. Este es el caso de cantones como Dur\u00e1n, Jujan, Milagro y<br \/>\notros m\u00e1s. Esto demuestra el compromiso del gobierno de Daniel Noboa Az\u00edn con la poblaci\u00f3n guayasense, a pesar de que el arreglo de calles, alcantarillado y asfalto no sea de su competencia directa.<\/p>\n<p>La autoridad provincial ha priorizado la atenci\u00f3n inmediata de acuerdo con las necesidades surgidas a ra\u00edz de la emergencia. La declaratoria de emergencia del COE Nacional compromete a\u00fan m\u00e1s el accionar del Gobierno Nacional con recintos y cantones como Nobol, Pedro Carbo, El Empalme, Naranjal, Sim\u00f3n<br \/>\nBol\u00edvar, Daule, Dur\u00e1n, Jujan, Milagro, Marcelino Maridue\u00f1a y toda la provincia.<\/p>\n<p>\u201cNos toca atender a la ciudadan\u00eda afectada, y lo estamos haciendo. Con la declaratoria de emergencia, mucho m\u00e1s,\u201d indic\u00f3 la gobernadora provincial.<\/p>\n<p>Rovira tambi\u00e9n dej\u00f3 en claro que los recursos destinados a los GADs han llegado seg\u00fan las necesidades espec\u00edficas de cada localidad.<\/p>\n<p>En 2024, el Gobierno de Daniel Noboa realiz\u00f3 significativas transferencias econ\u00f3micas a las entidades territoriales. Se destacan los siguientes pagos:<\/p>\n<p>\u2022 Pedro Carbo: $7.50 millones<br \/>\n\u2022 Sim\u00f3n Bol\u00edvar: $4.49 millones<br \/>\n\u2022 Guayaquil: $306.21 millones<\/p>\n<p>Estas transferencias se encuadran en el Modelo de Equidad Territorial, que prioriza la participaci\u00f3n de los Gobiernos Aut\u00f3nomos Descentralizados (GAD) en las rentas generadas por el Estado.<\/p>\n<p>La Comisi\u00f3n Ejecutiva Provincial, que incluye a todas las carteras de Estado, se encuentra plenamente activada en el territorio para brindar apoyo.<\/p>\n<p>En cuanto a los albergues, Zaida Rovira Jurado asegur\u00f3 que est\u00e1n preparados para levantarlos de ser necesario, de modo que la comunidad no se sienta abandonada y pueda retomar la calma.<\/p>\n<p>La Gobernadora Rovira destac\u00f3 la importancia de la ayuda llevada a las familias que han perdido sus viviendas, mencionando que desde la Gobernaci\u00f3n del Guayas se proporcionan electrodom\u00e9sticos, medicinas, colchones, alimentos, ropa, zapatos y otros recursos esenciales. Es crucial resaltar el trabajo articulado con las diferentes carteras de Estado que, desde sus competencias, atienden las necesidades de la poblaci\u00f3n afectada.<\/p>\n","protected":false},"excerpt":{"rendered":"<p>Guayaquil.- As\u00ed lo resolvi\u00f3 la Comisi\u00f3n Ejecutiva Provincial presidida por la gobernadora Zaida Rovira. Durante la reuni\u00f3n con los coordinadores zonales se evaluaron en detalle las ayudas canalizadas a las familias afectadas por la fuerte estaci\u00f3n invernal. Esta reuni\u00f3n tuvo lugar en la Gobernaci\u00f3n del Guayas tras la declaratoria de emergencia por parte del COE [&hellip;]<\/p>\n","protected":false},"author":2,"featured_media":24618,"comment_status":"open","ping_status":"closed","sticky":false,"template":"","format":"standard","meta":{"_jetpack_memberships_contains_paid_content":false,"footnotes":""},"categories":[13],"tags":[3870,3805],"class_list":["post-24617","post","type-post","status-publish","format-standard","has-post-thumbnail","hentry","category-noticias-nacionales","tag-comision-ejecutiva-provincial","tag-gobernadora-zaida-rovira"],"jetpack_featured_media_url":"https:\/\/radiocresatelital.com\/wp-content\/uploads\/2025\/02\/WhatsApp-Image-2025-02-25-at-12.27.53.jpeg","jetpack_sharing_enabled":true,"_links":{"self":[{"href":"https:\/\/radiocresatelital.com\/index.php?rest_route=\/wp\/v2\/posts\/24617","targetHints":{"allow":["GET"]}}],"collection":[{"href":"https:\/\/radiocresatelital.com\/index.php?rest_route=\/wp\/v2\/posts"}],"about":[{"href":"https:\/\/radiocresatelital.com\/index.php?rest_route=\/wp\/v2\/types\/post"}],"author":[{"embeddable":true,"href":"https:\/\/radiocresatelital.com\/index.php?rest_route=\/wp\/v2\/users\/2"}],"replies":[{"embeddable":true,"href":"https:\/\/radiocresatelital.com\/index.php?rest_route=%2Fwp%2Fv2%2Fcomments&post=24617"}],"version-history":[{"count":1,"href":"https:\/\/radiocresatelital.com\/index.php?rest_route=\/wp\/v2\/posts\/24617\/revisions"}],"predecessor-version":[{"id":24619,"href":"https:\/\/radiocresatelital.com\/index.php?rest_route=\/wp\/v2\/posts\/24617\/revisions\/24619"}],"wp:featuredmedia":[{"embeddable":true,"href":"https:\/\/radiocresatelital.com\/index.php?rest_route=\/wp\/v2\/media\/24618"}],"wp:attachment":[{"href":"https:\/\/radiocresatelital.com\/index.php?rest_route=%2Fwp%2Fv2%2Fmedia&parent=24617"}],"wp:term":[{"taxonomy":"category","embeddable":true,"href":"https:\/\/radiocresatelital.com\/index.php?rest_route=%2Fwp%2Fv2%2Fcategories&post=24617"},{"taxonomy":"post_tag","embeddable":true,"href":"https:\/\/radiocresatelital.com\/index.php?rest_route=%2Fwp%2Fv2%2Ftags&post=24617"}],"curies":[{"name":"wp","href":"https:\/\/api.w.org\/{rel}","templated":true}]}}