{"id":24614,"date":"2025-02-25T20:40:44","date_gmt":"2025-02-25T20:40:44","guid":{"rendered":"https:\/\/radiocresatelital.com\/?p=24614"},"modified":"2025-02-25T20:40:56","modified_gmt":"2025-02-25T20:40:56","slug":"descubre-la-magia-de-carnaval-en-cuenca-tradicion-gastronomia-y-hospitalidad","status":"publish","type":"post","link":"https:\/\/radiocresatelital.com\/?p=24614","title":{"rendered":"Descubre la magia de Carnaval en Cuenca: tradici\u00f3n, gastronom\u00eda y hospitalidad"},"content":{"rendered":"<p>Cuenca.- Del 1 al 4 de marzo, Cuenca se convierte en un destino imperdible para quienes buscan una experiencia \u00fanica que combine cultura, tradici\u00f3n y una exquisita oferta gastron\u00f3mica. La ciudad, conocida como la Atenas del Ecuador, ofrece a los visitantes una mezcla perfecta entre historia, paisajes inolvidables y una gastronom\u00eda que deleita todos los sentidos.<\/p>\n<p>Cuando hablamos de gastronom\u00eda carnavalera en Cuenca, una palabra se nos viene a la mente: mote-pata. Este emblem\u00e1tico platillo, preparado con mote, carne de cerdo, longaniza y especias, es una muestra de la riqueza culinaria de la ciudad y una tradici\u00f3n que se mantiene viva en cada mesa durante estas festividades. Su sabor inconfundible y su historia lo convierten en una parada obligatoria para quienes desean sumergirse en la cultura local a trav\u00e9s de la comida.,<\/p>\n<p>Durante el feriado, la mejor forma de vivir Cuenca es a trav\u00e9s de sus sabores. Y sin duda, el mote pata es el plato que mejor representa esta celebraci\u00f3n y lo podr\u00e1n encontrar en:<\/p>\n<ul>\n<li><strong>Hotel Santa Luc\u00eda:<\/strong> Ubicado en el coraz\u00f3n del centro hist\u00f3rico, ofrece habitaciones con vistas privilegiadas y una experiencia gastron\u00f3mica \u00fanica.<\/li>\n<li><strong>Caf\u00e9 del Museo:<\/strong> Situado en el Museo Remigio Crespo Toral, este caf\u00e9 ofrece una selecci\u00f3n de bebidas y bocadillos en un entorno perfecto para la lectura, con una vista inigualable al r\u00edo Tomebamba.<\/li>\n<li><strong>Petit Palace:<\/strong> Un lugar donde la creatividad y la esencia de la gastronom\u00eda francesa se fusionan, ofreciendo una experiencia culinaria excepcional.<\/li>\n<li><strong>La Creme:<\/strong> Un lugar ideal para los amantes del brunch, helados y caf\u00e9s. Durante el feriado de Carnaval, los visitantes podr\u00e1n degustar su especialidad: el tradicional mote-pata cuencano.<\/li>\n<\/ul>\n<p>Adem\u00e1s, los amantes de la gastronom\u00eda encontrar\u00e1n en Cuenca una oferta culinaria diversa y de primer nivel:<\/p>\n<ul>\n<li><strong>Restaurante Cocotte (en Mansi\u00f3n Alc\u00e1zar): <\/strong>Un espacio donde la sofisticaci\u00f3n de la cocina francesa se fusiona con ingredientes locales en un ambiente elegante.<\/li>\n<li><strong>Negroni:<\/strong> Un restaurante de cocina internacional con una fusi\u00f3n de sabores peruanos. Su terraza ofrece una vista espectacular de las ic\u00f3nicas c\u00fapulas de la ciudad.<\/li>\n<li><strong>Cantina La \u00danica:<\/strong> Especializado en comida mexicana, este restaurante ofrece una amplia variedad de platillos tradicionales y un ambiente vibrante con shows en vivo y tributos a reconocidos artistas.<\/li>\n<\/ul>\n<p>Para quienes prefieren disfrutar de un caf\u00e9 o c\u00f3cteles en un ambiente acogedor, Cuenca cuenta con diversas cafeter\u00edas y espacios ideales para compartir un momento especial:<\/p>\n<ul>\n<li><strong>Melatte:<\/strong> Ubicada en el centro hist\u00f3rico, esta cafeter\u00eda es ideal para disfrutar de una amplia variedad de caf\u00e9s, t\u00e9s, postres y dulces en un ambiente relajado.<\/li>\n<\/ul>\n<p>Cuenca, la Atenas del Ecuador, se alista para recibir a sus visitantes con una oferta variada y experiencias inolvidables en cada rinc\u00f3n de la ciudad. Quienes buscan sumergirse en la magia de esta ciudad hist\u00f3rica encontrar\u00e1n en su gastronom\u00eda, hospedaje y hospitalidad la combinaci\u00f3n perfecta para unas vacaciones inolvidables.<\/p>\n","protected":false},"excerpt":{"rendered":"<p>Cuenca.- Del 1 al 4 de marzo, Cuenca se convierte en un destino imperdible para quienes buscan una experiencia \u00fanica que combine cultura, tradici\u00f3n y una exquisita oferta gastron\u00f3mica. La ciudad, conocida como la Atenas del Ecuador, ofrece a los visitantes una mezcla perfecta entre historia, paisajes inolvidables y una gastronom\u00eda que deleita todos los [&hellip;]<\/p>\n","protected":false},"author":2,"featured_media":24615,"comment_status":"open","ping_status":"closed","sticky":false,"template":"","format":"standard","meta":{"_jetpack_memberships_contains_paid_content":false,"footnotes":""},"categories":[13],"tags":[3869],"class_list":["post-24614","post","type-post","status-publish","format-standard","has-post-thumbnail","hentry","category-noticias-nacionales","tag-carnaval-en-cuenca"],"jetpack_featured_media_url":"https:\/\/radiocresatelital.com\/wp-content\/uploads\/2025\/02\/IMG_3349-scaled.jpg","jetpack_sharing_enabled":true,"_links":{"self":[{"href":"https:\/\/radiocresatelital.com\/index.php?rest_route=\/wp\/v2\/posts\/24614","targetHints":{"allow":["GET"]}}],"collection":[{"href":"https:\/\/radiocresatelital.com\/index.php?rest_route=\/wp\/v2\/posts"}],"about":[{"href":"https:\/\/radiocresatelital.com\/index.php?rest_route=\/wp\/v2\/types\/post"}],"author":[{"embeddable":true,"href":"https:\/\/radiocresatelital.com\/index.php?rest_route=\/wp\/v2\/users\/2"}],"replies":[{"embeddable":true,"href":"https:\/\/radiocresatelital.com\/index.php?rest_route=%2Fwp%2Fv2%2Fcomments&post=24614"}],"version-history":[{"count":1,"href":"https:\/\/radiocresatelital.com\/index.php?rest_route=\/wp\/v2\/posts\/24614\/revisions"}],"predecessor-version":[{"id":24616,"href":"https:\/\/radiocresatelital.com\/index.php?rest_route=\/wp\/v2\/posts\/24614\/revisions\/24616"}],"wp:featuredmedia":[{"embeddable":true,"href":"https:\/\/radiocresatelital.com\/index.php?rest_route=\/wp\/v2\/media\/24615"}],"wp:attachment":[{"href":"https:\/\/radiocresatelital.com\/index.php?rest_route=%2Fwp%2Fv2%2Fmedia&parent=24614"}],"wp:term":[{"taxonomy":"category","embeddable":true,"href":"https:\/\/radiocresatelital.com\/index.php?rest_route=%2Fwp%2Fv2%2Fcategories&post=24614"},{"taxonomy":"post_tag","embeddable":true,"href":"https:\/\/radiocresatelital.com\/index.php?rest_route=%2Fwp%2Fv2%2Ftags&post=24614"}],"curies":[{"name":"wp","href":"https:\/\/api.w.org\/{rel}","templated":true}]}}