{"id":2460,"date":"2023-08-12T03:06:58","date_gmt":"2023-08-12T03:06:58","guid":{"rendered":"https:\/\/radiocresatelital.com\/?p=2460"},"modified":"2023-08-12T03:06:58","modified_gmt":"2023-08-12T03:06:58","slug":"delantero-cafetero-duvan-zapata-listo-para-cambiar-de-aires","status":"publish","type":"post","link":"https:\/\/radiocresatelital.com\/?p=2460","title":{"rendered":"Delantero Cafetero Duvan Zapata listo para cambiar de aires"},"content":{"rendered":"<div class=\"field field--name-body field--type-text-with-summary field--label-hidden field--item\">\n<p>Roma.- El delantero colombiano, Duvan Zapata se encuentra muy optimista para su nuevo paso profesional en el f\u00fatbol europeo, luego de cerrar su paso por el cuadro del Atalanta, en las pr\u00f3ximas horas ser\u00e1 anunciado por el nuevo club que lo sumar\u00e1 como refuerzo.<\/p>\n<p>Tras varios rumores sobre el final de la temporada anterior que lo acercaban a clubes como\u00a0Newcastle e Inter de Mil\u00e1n,\u00a0el cafetero acab\u00f3 eligiendo una escuadra de la\u00a0Serie A. Sin embargo, muy contrario a lo que se esperaba, no fue al onceno nerazurri.<\/p>\n<p>Seg\u00fan la informaci\u00f3n de la prensa italiana, el ex Am\u00e9rica de Cali se mudar\u00e1 a la capital para ser refuerzo de la\u00a0Roma.\u00a0Los dirigidos por\u00a0Mourinho\u00a0ser\u00e1n sus nuevos compa\u00f1eros, en una nueva aventura del cafetero en el viejo continente.<\/p>\n<p>&#8216;Corriere dello Sport&#8217; revel\u00f3 que\u00a0la Roma ofreci\u00f3 entre\u00a02 y 3 millones de euros por su pr\u00e9stamo.\u00a0Sin embargo, la transacci\u00f3n tiene una opci\u00f3n de compra de\u00a06 a 7 millones de euros m\u00e1s variables.\u00a0Todo esto dependiendo de su rendimiento en la &#8216;loba&#8217;.<\/p>\n<p>\u201cZapata tiene tres caracter\u00edsticas que le pueden gustar a Mourinho: es fuerte ,\u00a0tiene experiencia y conoce la Serie A.\u00a0Tambi\u00e9n quiere demostrar, a sus 32 a\u00f1os, que no es un jugador acabado. L\u00f3gicamente, las condiciones f\u00edsicas preocupan, pero ahora mismo en la Roma buscan un goleador y es \u00e9l\u201d, revel\u00f3 el diario que destac\u00f3 el fuerte inter\u00e9s del DT portugu\u00e9s por el colombiano.<\/p>\n<p>Por ahora, solo restan acordar algunas a condiciones en las primas del fichaje y dem\u00e1s.\u00a0Roma confirmar\u00e1 al colombiano en las pr\u00f3ximas horas y desde suelo europeo se ha revelado que el cafetero ya viaj\u00f3 hacia la capital italiana para ser presentado.<\/p>\n<\/div>\n","protected":false},"excerpt":{"rendered":"<p>Roma.- El delantero colombiano, Duvan Zapata se encuentra muy optimista para su nuevo paso profesional en el f\u00fatbol europeo, luego de cerrar su paso por el cuadro del Atalanta, en las pr\u00f3ximas horas ser\u00e1 anunciado por el nuevo club que lo sumar\u00e1 como refuerzo. Tras varios rumores sobre el final de la temporada anterior que [&hellip;]<\/p>\n","protected":false},"author":2,"featured_media":2461,"comment_status":"open","ping_status":"closed","sticky":false,"template":"","format":"standard","meta":{"_jetpack_memberships_contains_paid_content":false,"footnotes":""},"categories":[7],"tags":[521,49],"class_list":["post-2460","post","type-post","status-publish","format-standard","has-post-thumbnail","hentry","category-futbol-internacional","tag-duvan-zapata","tag-jose-mourinho"],"jetpack_featured_media_url":"https:\/\/radiocresatelital.com\/wp-content\/uploads\/2023\/08\/duvan-zapata-1-768x512-1.jpg","jetpack_sharing_enabled":true,"_links":{"self":[{"href":"https:\/\/radiocresatelital.com\/index.php?rest_route=\/wp\/v2\/posts\/2460","targetHints":{"allow":["GET"]}}],"collection":[{"href":"https:\/\/radiocresatelital.com\/index.php?rest_route=\/wp\/v2\/posts"}],"about":[{"href":"https:\/\/radiocresatelital.com\/index.php?rest_route=\/wp\/v2\/types\/post"}],"author":[{"embeddable":true,"href":"https:\/\/radiocresatelital.com\/index.php?rest_route=\/wp\/v2\/users\/2"}],"replies":[{"embeddable":true,"href":"https:\/\/radiocresatelital.com\/index.php?rest_route=%2Fwp%2Fv2%2Fcomments&post=2460"}],"version-history":[{"count":1,"href":"https:\/\/radiocresatelital.com\/index.php?rest_route=\/wp\/v2\/posts\/2460\/revisions"}],"predecessor-version":[{"id":2462,"href":"https:\/\/radiocresatelital.com\/index.php?rest_route=\/wp\/v2\/posts\/2460\/revisions\/2462"}],"wp:featuredmedia":[{"embeddable":true,"href":"https:\/\/radiocresatelital.com\/index.php?rest_route=\/wp\/v2\/media\/2461"}],"wp:attachment":[{"href":"https:\/\/radiocresatelital.com\/index.php?rest_route=%2Fwp%2Fv2%2Fmedia&parent=2460"}],"wp:term":[{"taxonomy":"category","embeddable":true,"href":"https:\/\/radiocresatelital.com\/index.php?rest_route=%2Fwp%2Fv2%2Fcategories&post=2460"},{"taxonomy":"post_tag","embeddable":true,"href":"https:\/\/radiocresatelital.com\/index.php?rest_route=%2Fwp%2Fv2%2Ftags&post=2460"}],"curies":[{"name":"wp","href":"https:\/\/api.w.org\/{rel}","templated":true}]}}