{"id":24532,"date":"2025-02-24T20:42:24","date_gmt":"2025-02-24T20:42:24","guid":{"rendered":"https:\/\/radiocresatelital.com\/?p=24532"},"modified":"2025-02-24T20:42:24","modified_gmt":"2025-02-24T20:42:24","slug":"gobernacion-del-guayas-y-entidades-estatales-entregan-kits-de-ropa-zapatos-y-asistencia-humanitaria-a-400-personas-afectadas","status":"publish","type":"post","link":"https:\/\/radiocresatelital.com\/?p=24532","title":{"rendered":"Gobernaci\u00f3n del Guayas y entidades estatales entregan kits de ropa, zapatos y asistencia humanitaria a 400 personas afectadas"},"content":{"rendered":"<p>Alrededor de 400 personas de los sectores Una Sola Fuerza 1 y 4, San Antonio, Pocos Palos y la parte sur de Dur\u00e1n recibieron ayudas t\u00e9cnicas y atenci\u00f3n m\u00e9dica gracias a la respuesta articulada de la Gobernaci\u00f3n del Guayas y diversas carteras de Estado tras las intensas lluvias que dejaron calles anegadas y bienes destruidos.<\/p>\n<p>La Gobernaci\u00f3n, liderada por la Gobernadora Zaida Rovira, ha coordinado la entrega de kits de ropa, zapatos, colchones, sillas de ruedas y toldos, as\u00ed como la provisi\u00f3n de\u00a0 asistencia humanitaria y brigadas m\u00e9dicas.<\/p>\n<p>En colaboraci\u00f3n con el Ministerio de Inclusi\u00f3n Econ\u00f3mica y Social (MIES) y el Ministerio de Salud P\u00fablica (MSP), se han desplegado brigadas m\u00e9dicas y se ha proporcionado asistencia humanitaria a los afectados. Alrededor de 400 personas recibieron ayudas t\u00e9cnicas, asistencia m\u00e9dica, colchones, sillas de<br \/>\nruedas, toldos y kits de ropa y zapatos. Adem\u00e1s, cerca de 200 personas se beneficiaron de atenci\u00f3n m\u00e9dica general, odontol\u00f3gica y pedi\u00e1trica.<\/p>\n<p><strong>Acciones destacadas:<\/strong><br \/>\nMinisterio de Inclusi\u00f3n Econ\u00f3mica y Social (MIES): Entrega de kits de ropa y zapatos, levantamiento de informaci\u00f3n.<\/p>\n<p>Ministerio de Salud P\u00fablica (MSP): Provisi\u00f3n de atenci\u00f3n m\u00e9dica, vacunas y medicinas a ni\u00f1os, adultos y personas de la tercera edad.<\/p>\n<p>Ministerio de Transporte y Obras P\u00fablicas: Remoci\u00f3n de escombros y relleno de calles inundadas, acci\u00f3n que es competencia del Gad municipal, pero la prioridad es el bienestar de la comunidad.<\/p>\n<p>Por pare de los beneficiarios, las muestras de agradecimiento no se hacen esperar, como J\u00e9ssica Carriel: \u00abMuy agradecida con el presidente y la se\u00f1ora gobernadora que se han acordado de nuestro sector, que sigan haciendo obras,\u00bb expres\u00f3.<\/p>\n<p>Mientras tanto la autoridad provincial, Zaida Rovira, Gobernadora del Guayas, dialog\u00f3 con las familias afectadas, escuch\u00f3 sus necesidades, y destac\u00f3 la importancia del trabajo articulado con las diferentes instituciones del Estado para responder de forma oportuna a las urgencias de las familias afectadas.<\/p>\n<p>\u00abEstamos entregando esperanza y solidaridad en Dur\u00e1n. Nuestra comunidad es nuestra prioridad\u00bb, expres\u00f3 Rovira.<\/p>\n<p>El Gobierno del Ecuador, liderado por el presidente Daniel Noboa, y la Gobernaci\u00f3n del Guayas, junto con el MIES y el Ministerio de Salud, contin\u00faan comprometidos con brindar atenci\u00f3n y apoyo a los sectores m\u00e1s vulnerables.<\/p>\n<p>\u00abOrgullosos de servir a nuestra gente, seguimos trabajando para el bienestar de los ciudadanos\u00bb, concluy\u00f3 la Gobernadora Rovira.<\/p>\n","protected":false},"excerpt":{"rendered":"<p>Alrededor de 400 personas de los sectores Una Sola Fuerza 1 y 4, San Antonio, Pocos Palos y la parte sur de Dur\u00e1n recibieron ayudas t\u00e9cnicas y atenci\u00f3n m\u00e9dica gracias a la respuesta articulada de la Gobernaci\u00f3n del Guayas y diversas carteras de Estado tras las intensas lluvias que dejaron calles anegadas y bienes destruidos. [&hellip;]<\/p>\n","protected":false},"author":2,"featured_media":24533,"comment_status":"open","ping_status":"closed","sticky":false,"template":"","format":"standard","meta":{"_jetpack_memberships_contains_paid_content":false,"footnotes":""},"categories":[13],"tags":[964,3805],"class_list":["post-24532","post","type-post","status-publish","format-standard","has-post-thumbnail","hentry","category-noticias-nacionales","tag-gobernacion-del-guayas","tag-gobernadora-zaida-rovira"],"jetpack_featured_media_url":"https:\/\/radiocresatelital.com\/wp-content\/uploads\/2025\/02\/WhatsApp-Image-2025-02-24-at-15.26.36.jpeg","jetpack_sharing_enabled":true,"_links":{"self":[{"href":"https:\/\/radiocresatelital.com\/index.php?rest_route=\/wp\/v2\/posts\/24532","targetHints":{"allow":["GET"]}}],"collection":[{"href":"https:\/\/radiocresatelital.com\/index.php?rest_route=\/wp\/v2\/posts"}],"about":[{"href":"https:\/\/radiocresatelital.com\/index.php?rest_route=\/wp\/v2\/types\/post"}],"author":[{"embeddable":true,"href":"https:\/\/radiocresatelital.com\/index.php?rest_route=\/wp\/v2\/users\/2"}],"replies":[{"embeddable":true,"href":"https:\/\/radiocresatelital.com\/index.php?rest_route=%2Fwp%2Fv2%2Fcomments&post=24532"}],"version-history":[{"count":1,"href":"https:\/\/radiocresatelital.com\/index.php?rest_route=\/wp\/v2\/posts\/24532\/revisions"}],"predecessor-version":[{"id":24534,"href":"https:\/\/radiocresatelital.com\/index.php?rest_route=\/wp\/v2\/posts\/24532\/revisions\/24534"}],"wp:featuredmedia":[{"embeddable":true,"href":"https:\/\/radiocresatelital.com\/index.php?rest_route=\/wp\/v2\/media\/24533"}],"wp:attachment":[{"href":"https:\/\/radiocresatelital.com\/index.php?rest_route=%2Fwp%2Fv2%2Fmedia&parent=24532"}],"wp:term":[{"taxonomy":"category","embeddable":true,"href":"https:\/\/radiocresatelital.com\/index.php?rest_route=%2Fwp%2Fv2%2Fcategories&post=24532"},{"taxonomy":"post_tag","embeddable":true,"href":"https:\/\/radiocresatelital.com\/index.php?rest_route=%2Fwp%2Fv2%2Ftags&post=24532"}],"curies":[{"name":"wp","href":"https:\/\/api.w.org\/{rel}","templated":true}]}}