{"id":24497,"date":"2025-02-21T22:17:41","date_gmt":"2025-02-21T22:17:41","guid":{"rendered":"https:\/\/radiocresatelital.com\/?p=24497"},"modified":"2025-02-21T22:17:41","modified_gmt":"2025-02-21T22:17:41","slug":"ministerio-de-educacion-fortalece-el-servicio-de-nivelacion-y-aceleracion-pedagogica-nap","status":"publish","type":"post","link":"https:\/\/radiocresatelital.com\/?p=24497","title":{"rendered":"Ministerio de Educaci\u00f3n fortalece el Servicio de Nivelaci\u00f3n y Aceleraci\u00f3n Pedag\u00f3gica (NAP)"},"content":{"rendered":"<p>Quito.- El Ministerio de Educaci\u00f3n reafirma su compromiso con la atenci\u00f3n a ni\u00f1os, ni\u00f1as y adolescentes de 8 a 17 a\u00f1os en condici\u00f3n de rezago o desfase escolar. Por ello, fortalece el Servicio de Nivelaci\u00f3n y Aceleraci\u00f3n Pedag\u00f3gica (NAP) en el nivel de Educaci\u00f3n General B\u00e1sica, con el objetivo de construir escenarios de igualdad en los \u00e1mbitos educativo y social.<\/p>\n<p>El Servicio NAP busca mitigar el rezago o desfase escolar a trav\u00e9s de la nivelaci\u00f3n de conocimientos y un proceso acelerado que les brinda las bases necesarias para reincorporarse al grado o curso que les corresponde por edad, garantizando as\u00ed su acceso, permanencia, continuidad, promoci\u00f3n y un aprendizaje adecuado dentro del Sistema Nacional de Educaci\u00f3n.<\/p>\n<p>Es fundamental entender que el Servicio NAP atiende a poblaci\u00f3n con rezago educativo o desfase escolar, pero que, en su mayor\u00eda, tambi\u00e9n presenta otras condiciones de vulnerabilidad.<\/p>\n<p>El NAP no solo busca la inclusi\u00f3n educativa, sino tambi\u00e9n la inclusi\u00f3n social, considerando el contexto de cada estudiante y su impacto en su capacidad para continuar en el sistema educativo. Este esfuerzo se fortalece gracias a las alianzas estrat\u00e9gicas con organizaciones no gubernamentales (ONG) que apoyan la implementaci\u00f3n de este servicio.<\/p>\n<p>Hasta el momento, 35.092 ni\u00f1as, ni\u00f1os y adolescentes han logrado reducir su condici\u00f3n de rezago o desfase escolar gracias a este servicio educativo. Para el a\u00f1o lectivo 2024-2025, el Servicio NAP atender\u00e1 a 8.172 estudiantes en 366 instituciones educativas, con el apoyo de 385 docentes en los reg\u00edmenes Sierra-Amazon\u00eda y Costa-Gal\u00e1pagos. Este servicio representa la materializaci\u00f3n de una pol\u00edtica p\u00fablica que reconoce la diversidad de realidades detr\u00e1s del rezago o desfase escolar y promueve el derecho a la educaci\u00f3n para todos los ni\u00f1os, ni\u00f1as y adolescentes que enfrentan situaciones de inequidad social y marginaci\u00f3n.<\/p>\n<p>Quienes est\u00e9n interesados en acceder al Servicio de Nivelaci\u00f3n y Aceleraci\u00f3n Pedag\u00f3gica pueden acercarse al distrito educativo m\u00e1s cercano para recibir la informaci\u00f3n necesaria.<\/p>\n","protected":false},"excerpt":{"rendered":"<p>Quito.- El Ministerio de Educaci\u00f3n reafirma su compromiso con la atenci\u00f3n a ni\u00f1os, ni\u00f1as y adolescentes de 8 a 17 a\u00f1os en condici\u00f3n de rezago o desfase escolar. Por ello, fortalece el Servicio de Nivelaci\u00f3n y Aceleraci\u00f3n Pedag\u00f3gica (NAP) en el nivel de Educaci\u00f3n General B\u00e1sica, con el objetivo de construir escenarios de igualdad en [&hellip;]<\/p>\n","protected":false},"author":2,"featured_media":24498,"comment_status":"open","ping_status":"closed","sticky":false,"template":"","format":"standard","meta":{"_jetpack_memberships_contains_paid_content":false,"footnotes":""},"categories":[13],"tags":[444],"class_list":["post-24497","post","type-post","status-publish","format-standard","has-post-thumbnail","hentry","category-noticias-nacionales","tag-ministerio-de-educacion"],"jetpack_featured_media_url":"https:\/\/radiocresatelital.com\/wp-content\/uploads\/2025\/02\/nap.png","jetpack_sharing_enabled":true,"_links":{"self":[{"href":"https:\/\/radiocresatelital.com\/index.php?rest_route=\/wp\/v2\/posts\/24497","targetHints":{"allow":["GET"]}}],"collection":[{"href":"https:\/\/radiocresatelital.com\/index.php?rest_route=\/wp\/v2\/posts"}],"about":[{"href":"https:\/\/radiocresatelital.com\/index.php?rest_route=\/wp\/v2\/types\/post"}],"author":[{"embeddable":true,"href":"https:\/\/radiocresatelital.com\/index.php?rest_route=\/wp\/v2\/users\/2"}],"replies":[{"embeddable":true,"href":"https:\/\/radiocresatelital.com\/index.php?rest_route=%2Fwp%2Fv2%2Fcomments&post=24497"}],"version-history":[{"count":1,"href":"https:\/\/radiocresatelital.com\/index.php?rest_route=\/wp\/v2\/posts\/24497\/revisions"}],"predecessor-version":[{"id":24499,"href":"https:\/\/radiocresatelital.com\/index.php?rest_route=\/wp\/v2\/posts\/24497\/revisions\/24499"}],"wp:featuredmedia":[{"embeddable":true,"href":"https:\/\/radiocresatelital.com\/index.php?rest_route=\/wp\/v2\/media\/24498"}],"wp:attachment":[{"href":"https:\/\/radiocresatelital.com\/index.php?rest_route=%2Fwp%2Fv2%2Fmedia&parent=24497"}],"wp:term":[{"taxonomy":"category","embeddable":true,"href":"https:\/\/radiocresatelital.com\/index.php?rest_route=%2Fwp%2Fv2%2Fcategories&post=24497"},{"taxonomy":"post_tag","embeddable":true,"href":"https:\/\/radiocresatelital.com\/index.php?rest_route=%2Fwp%2Fv2%2Ftags&post=24497"}],"curies":[{"name":"wp","href":"https:\/\/api.w.org\/{rel}","templated":true}]}}