{"id":24491,"date":"2025-02-21T21:52:26","date_gmt":"2025-02-21T21:52:26","guid":{"rendered":"https:\/\/radiocresatelital.com\/?p=24491"},"modified":"2025-02-21T21:52:26","modified_gmt":"2025-02-21T21:52:26","slug":"gobierno-nacional-acerca-sus-servicios-a-la-comuna-el-obraje-de-peguche-a-traves-de-la-brigada-social-por-el-nuevo-ecuador","status":"publish","type":"post","link":"https:\/\/radiocresatelital.com\/?p=24491","title":{"rendered":"Gobierno NAcional acerca sus servicios a la comuna el Obraje de Peguche a trav\u00e9s de la brigada social por el nuevo Ecuador"},"content":{"rendered":"<p>Otavalo. \u2013 La Brigada Social por el Nuevo Ecuador y la feria de emprendimientos del Gobierno Nacional llegaron a la comuna El Obraje de Peguche, en Otavalo, con el objetivo de acercar servicios gubernamentales a la ciudadan\u00eda y fortalecer la econom\u00eda local. En esta ocasi\u00f3n, participaron alrededor de 20 instituciones del gobierno que brindaron atenci\u00f3n en \u00e1reas de salud, educaci\u00f3n, asesoramiento y apoyo social, as\u00ed como emprendimientos de peque\u00f1os y medianos productores.<\/p>\n<p>El presidente de la Rep\u00fablica, Daniel Noboa Azin, recorri\u00f3 la feria con el prop\u00f3sito de constatar la atenci\u00f3n brindada a la ciudadan\u00eda y conversar directamente con la comunidad sobre sus prioridades; de esta manera puede conocer de primera mano la realidad y las necesidades de la poblaci\u00f3n.<\/p>\n<p>Richard Albuja, t\u00e9cnico del Ministerio de Agricultura y Ganader\u00eda (MAG), coment\u00f3 que en el stand de su instituci\u00f3n se informa a la poblaci\u00f3n sobre el portafolio de proyectos y servicios orientados a agricultores. Destac\u00f3 el programa Campo Seguro, una iniciativa que protege al productor frente a la p\u00e9rdida de sus cultivos por eventos clim\u00e1ticos, biol\u00f3gicos y otros factores adversos.<\/p>\n<p>De su lado, el Ministerio de Inclusi\u00f3n Econ\u00f3mica y Social (MIES) brind\u00f3 acompa\u00f1amiento sobre bonos y pensiones, difusi\u00f3n de programas sociales y apoyo a emprendimientos. Precisamente, Hern\u00e1n Simba\u00f1a es un microempresario que impulsa sus productos mediante estas ferias con apoyo de la instituci\u00f3n.<\/p>\n<p>Se\u00f1al\u00f3 que la presencia del Mandatario, junto a su equipo de trabajo, es importante para dinamizar la econom\u00eda local. \u00abEs interesante que un Presidente llegue a nuestra localidad para que pueda evidenciar nuestro trabajo; incluso tuve el agrado de venderle una chompa de ni\u00f1a\u00bb, coment\u00f3.<\/p>\n<p>La Secretar\u00eda de Educaci\u00f3n Superior, Ciencia y Tecnolog\u00eda (SENESCYT) tambi\u00e9n cont\u00f3 con un stand en la feria, donde se brind\u00f3 informaci\u00f3n sobre becas y ofertas acad\u00e9micas disponibles en la provincia. C\u00e9sar V\u00e1squez, titular de la SENESCYT, particip\u00f3 en la jornada y destac\u00f3: \u201cNuestra intenci\u00f3n es que en estas ferias podamos acercar los servicios a quienes realmente lo necesitan y que sigan aprovechando este programa hist\u00f3rico de becas que tenemos\u201d.<\/p>\n<p>A estas instituciones se sumaron otras como los ministerios de Salud, Vivienda, Telecomunicaciones, Deportes; el Servicio de Rentas Internas (SRI), el Registro Civil, el Instituto de Econom\u00eda Popular y Solidaria, BanEcuador y la Secretar\u00eda T\u00e9cnica Ecuador Crece Sin Desnutrici\u00f3n Infantil, entre otras.<\/p>\n<p>Las Brigadas Sociales por el Nuevo Ecuador se consolidan como una estrategia clave para alcanzar a las comunidades rurales m\u00e1s vulnerables del pa\u00eds, muchas de ellas ubicadas en zonas con acceso limitado a servicios esenciales. Es as\u00ed que, desde febrero de 2024 hasta febrero de 2025, se han ejecutado 473 Brigadas Sociales a nivel nacional, beneficiando a 206.611 personas, de las cuales 160.530 recibieron atenci\u00f3n directa por parte de las entidades participantes.<\/p>\n<p>El Gobierno Nacional seguir\u00e1 realizando estas acciones que permiten atender las necesidades ciudadanas e impulsar pol\u00edticas p\u00fablicas que respondan a las demandas locales.<\/p>\n","protected":false},"excerpt":{"rendered":"<p>Otavalo. \u2013 La Brigada Social por el Nuevo Ecuador y la feria de emprendimientos del Gobierno Nacional llegaron a la comuna El Obraje de Peguche, en Otavalo, con el objetivo de acercar servicios gubernamentales a la ciudadan\u00eda y fortalecer la econom\u00eda local. En esta ocasi\u00f3n, participaron alrededor de 20 instituciones del gobierno que brindaron atenci\u00f3n [&hellip;]<\/p>\n","protected":false},"author":2,"featured_media":24492,"comment_status":"open","ping_status":"closed","sticky":false,"template":"","format":"standard","meta":{"_jetpack_memberships_contains_paid_content":false,"footnotes":""},"categories":[13],"tags":[3852,3853,1322],"class_list":["post-24491","post","type-post","status-publish","format-standard","has-post-thumbnail","hentry","category-noticias-nacionales","tag-brigada-social","tag-el-obraje-de-peguche","tag-presidente-daniel-noboa"],"jetpack_featured_media_url":"https:\/\/radiocresatelital.com\/wp-content\/uploads\/2025\/02\/54342220028_53fc59250f_c.jpg","jetpack_sharing_enabled":true,"_links":{"self":[{"href":"https:\/\/radiocresatelital.com\/index.php?rest_route=\/wp\/v2\/posts\/24491","targetHints":{"allow":["GET"]}}],"collection":[{"href":"https:\/\/radiocresatelital.com\/index.php?rest_route=\/wp\/v2\/posts"}],"about":[{"href":"https:\/\/radiocresatelital.com\/index.php?rest_route=\/wp\/v2\/types\/post"}],"author":[{"embeddable":true,"href":"https:\/\/radiocresatelital.com\/index.php?rest_route=\/wp\/v2\/users\/2"}],"replies":[{"embeddable":true,"href":"https:\/\/radiocresatelital.com\/index.php?rest_route=%2Fwp%2Fv2%2Fcomments&post=24491"}],"version-history":[{"count":1,"href":"https:\/\/radiocresatelital.com\/index.php?rest_route=\/wp\/v2\/posts\/24491\/revisions"}],"predecessor-version":[{"id":24493,"href":"https:\/\/radiocresatelital.com\/index.php?rest_route=\/wp\/v2\/posts\/24491\/revisions\/24493"}],"wp:featuredmedia":[{"embeddable":true,"href":"https:\/\/radiocresatelital.com\/index.php?rest_route=\/wp\/v2\/media\/24492"}],"wp:attachment":[{"href":"https:\/\/radiocresatelital.com\/index.php?rest_route=%2Fwp%2Fv2%2Fmedia&parent=24491"}],"wp:term":[{"taxonomy":"category","embeddable":true,"href":"https:\/\/radiocresatelital.com\/index.php?rest_route=%2Fwp%2Fv2%2Fcategories&post=24491"},{"taxonomy":"post_tag","embeddable":true,"href":"https:\/\/radiocresatelital.com\/index.php?rest_route=%2Fwp%2Fv2%2Ftags&post=24491"}],"curies":[{"name":"wp","href":"https:\/\/api.w.org\/{rel}","templated":true}]}}