{"id":24487,"date":"2025-02-21T21:00:58","date_gmt":"2025-02-21T21:00:58","guid":{"rendered":"https:\/\/radiocresatelital.com\/?p=24487"},"modified":"2025-02-21T21:00:58","modified_gmt":"2025-02-21T21:00:58","slug":"se-realizara-cierre-nocturno-del-tunel-san-eduardo-por-mantenimiento","status":"publish","type":"post","link":"https:\/\/radiocresatelital.com\/?p=24487","title":{"rendered":"Se realizar\u00e1 cierre nocturno del t\u00fanel San Eduardo por mantenimiento"},"content":{"rendered":"<p>Guayaquil.- El Municipio de Guayaquil, a trav\u00e9s de la Direcci\u00f3n de Obras P\u00fablicas, realizar\u00e1 trabajos de mantenimiento del Sistema de Ventilaci\u00f3n en el T\u00fanel San Eduardo, desde el 21 de febrero hasta el viernes 14 de marzo de 2025 en jornada nocturna, por lo que se efectuar\u00e1 un cierre del carril sur-norte.<\/p>\n<p>Las intervenciones incluyen la limpieza y optimizaci\u00f3n del sistema de ventilaci\u00f3n, que renueva el aire dentro de los t\u00faneles; la revisi\u00f3n del sistema de comunicaciones, encargado de la transmisi\u00f3n de datos en caso de emergencias; y la calibraci\u00f3n de sensores que miden la calidad del aire y el correcto funcionamiento de los equipos de control.<\/p>\n<p>Estas tareas se deben realizar m\u00e1ximo cada dos a\u00f1os, pero llevaban desde el a\u00f1o 2019 sin mantenimiento, con el riesgo de que se da\u00f1en o exista un siniestro asociado al sistema de ventilaci\u00f3n de t\u00faneles.<\/p>\n<p>Los trabajos se llevar\u00e1n a cabo, desde las 23h00 hasta las 05h00 locales (04h00 hasta las 10h00 GMT) del d\u00eda siguiente, con el fin de reducir afectaciones al tr\u00e1nsito.<\/p>\n<p>De esta manera, el Municipio de Guayaquil reafirma su compromiso de garantizar infraestructuras seguras y eficientes, mejorando la calidad de vida de los habitantes de la Ciudad de Todos<\/p>\n","protected":false},"excerpt":{"rendered":"<p>Guayaquil.- El Municipio de Guayaquil, a trav\u00e9s de la Direcci\u00f3n de Obras P\u00fablicas, realizar\u00e1 trabajos de mantenimiento del Sistema de Ventilaci\u00f3n en el T\u00fanel San Eduardo, desde el 21 de febrero hasta el viernes 14 de marzo de 2025 en jornada nocturna, por lo que se efectuar\u00e1 un cierre del carril sur-norte. Las intervenciones incluyen [&hellip;]<\/p>\n","protected":false},"author":2,"featured_media":24488,"comment_status":"open","ping_status":"closed","sticky":false,"template":"","format":"standard","meta":{"_jetpack_memberships_contains_paid_content":false,"footnotes":""},"categories":[33,13],"tags":[2133,114,3851],"class_list":["post-24487","post","type-post","status-publish","format-standard","has-post-thumbnail","hentry","category-guayaquil","category-noticias-nacionales","tag-direccion-de-obras-publicas","tag-municipio-de-guayaquil","tag-tunel-san-eduardo"],"jetpack_featured_media_url":"https:\/\/radiocresatelital.com\/wp-content\/uploads\/2025\/02\/maxresdefault-1.jpg","jetpack_sharing_enabled":true,"_links":{"self":[{"href":"https:\/\/radiocresatelital.com\/index.php?rest_route=\/wp\/v2\/posts\/24487","targetHints":{"allow":["GET"]}}],"collection":[{"href":"https:\/\/radiocresatelital.com\/index.php?rest_route=\/wp\/v2\/posts"}],"about":[{"href":"https:\/\/radiocresatelital.com\/index.php?rest_route=\/wp\/v2\/types\/post"}],"author":[{"embeddable":true,"href":"https:\/\/radiocresatelital.com\/index.php?rest_route=\/wp\/v2\/users\/2"}],"replies":[{"embeddable":true,"href":"https:\/\/radiocresatelital.com\/index.php?rest_route=%2Fwp%2Fv2%2Fcomments&post=24487"}],"version-history":[{"count":1,"href":"https:\/\/radiocresatelital.com\/index.php?rest_route=\/wp\/v2\/posts\/24487\/revisions"}],"predecessor-version":[{"id":24489,"href":"https:\/\/radiocresatelital.com\/index.php?rest_route=\/wp\/v2\/posts\/24487\/revisions\/24489"}],"wp:featuredmedia":[{"embeddable":true,"href":"https:\/\/radiocresatelital.com\/index.php?rest_route=\/wp\/v2\/media\/24488"}],"wp:attachment":[{"href":"https:\/\/radiocresatelital.com\/index.php?rest_route=%2Fwp%2Fv2%2Fmedia&parent=24487"}],"wp:term":[{"taxonomy":"category","embeddable":true,"href":"https:\/\/radiocresatelital.com\/index.php?rest_route=%2Fwp%2Fv2%2Fcategories&post=24487"},{"taxonomy":"post_tag","embeddable":true,"href":"https:\/\/radiocresatelital.com\/index.php?rest_route=%2Fwp%2Fv2%2Ftags&post=24487"}],"curies":[{"name":"wp","href":"https:\/\/api.w.org\/{rel}","templated":true}]}}