{"id":24484,"date":"2025-02-21T20:55:54","date_gmt":"2025-02-21T20:55:54","guid":{"rendered":"https:\/\/radiocresatelital.com\/?p=24484"},"modified":"2025-02-21T20:55:54","modified_gmt":"2025-02-21T20:55:54","slug":"gobierno-atiende-integralmante-al-sector-agropecuario-en-imbabura-con-legalizacion-de-tierras-insumos-y-acceso-al-agua","status":"publish","type":"post","link":"https:\/\/radiocresatelital.com\/?p=24484","title":{"rendered":"Gobierno atiende integralmante al sector agropecuario en Imbabura con legalizaci\u00f3n de tierras, insumos y acceso al agua"},"content":{"rendered":"<p>Otavalo. \u2013 La agricultura es una de las actividades productivas m\u00e1s importantes para el desarrollo econ\u00f3mico del pa\u00eds. Por ello, la ma\u00f1ana de este viernes, 21 de febrero, el Gobierno Nacional, a trav\u00e9s de los ministerios de Agricultura y Ganader\u00eda (MAG) y del Ambiente, Agua y Transici\u00f3n Ecol\u00f3gica (MAATE), lleg\u00f3 hasta la provincia de Imbabura para entregar incentivos y nuevos beneficios a peque\u00f1os y medianos productores agropecuarios. El presidente de la Rep\u00fablica, Daniel Noboa Azin, particip\u00f3 en este evento como parte de la agenda de trabajo que cumpli\u00f3 en Imbabura.<\/p>\n<p>\u201cSin campo, no hay alimento y sin ustedes, los agricultores, definitivamente no hay progreso. La agricultura no solo nos da de comer, sino que impulsa el comercio, genera empleo y promueve el desarrollo\u201d, destac\u00f3 el jefe de Estado al referirse a la importancia del campo en la econom\u00eda nacional.<\/p>\n<p>En ese sentido, el MAG entreg\u00f3: 40 t\u00edtulos de propiedad de tierras para parroquias del cant\u00f3n Otavalo; 95 nombramientos de cabildos de comunas de Antonio Ante, Cotacachi, Ibarra; 166 paquetes sostenibles para productores de la Agricultura Familiar; 9 Unidades M\u00f3viles Agroproductivas; 500 plantas forestales, 200 insumos fitosanitarios y 1 tractor.<\/p>\n<p>\u201cSeguimos cumpliendo con la decisi\u00f3n y seriedad para impulsar el sector agr\u00edcola con la entrega de beneficios (\u2026). Presidente, el Ecuador conf\u00eda en su trabajo. Vamos adelante porque el compromiso es por la patria y por nuestros hijos\u201d, enfatiz\u00f3 el ministro de Agricultura y Ganader\u00eda, Danilo Palacios.<\/p>\n<p>Durante este evento, y en l\u00ednea con la gesti\u00f3n integral del recurso h\u00eddrico, el MAATE tambi\u00e9n entreg\u00f3 actas de extinci\u00f3n de valores a favor de 4 Juntas Administradoras de Agua Potable y de Riego, otorg\u00f3 6 autorizaciones de uso y aprovechamiento del agua, y formaliz\u00f3 7 nombramientos para Juntas Administradoras de Agua Potable y Riego. Estas acciones buscan garantizar un acceso equitativo y sostenible al agua, fortaleciendo la gesti\u00f3n comunitaria y promoviendo la producci\u00f3n responsable en la regi\u00f3n.<\/p>\n<p>Mar\u00eda Luisa Cruz, viceministra del Agua, sostuvo que \u201cel presidente Noboa ha impulsado El Nuevo Ecuador, regresando los ojos al campo y tambi\u00e9n reconociendo la importancia y el rol de la mujer en la agricultura, ruralidad y administraci\u00f3n del agua\u201d.<\/p>\n<p>Uno de los beneficiarios, Julio Cang\u00e1, agradeci\u00f3 la entrega de herramientas y el acceso justo al recurso h\u00eddrico, mencionando que \u201ces la f\u00f3rmula ganadora para producir mejor y llevar los productos frescos y de calidad a los ecuatorianos\u201d.<\/p>\n<p>Para el presidente Daniel Noboa Azin, fortalecer la agricultura es fundamental no solo por su papel en el desarrollo del pa\u00eds, sino tambi\u00e9n porque garantiza la soberan\u00eda alimentaria y reconoce el esfuerzo de quienes trabajan la tierra. Por ello remarc\u00f3: \u201cHoy, desde el norte del pa\u00eds, desde esta tierra f\u00e9rtil, quiero decirles que su sacrificio no pasa desapercibido para nosotros.<\/p>\n<p>Aunque los gobiernos del pasado se olvidaron de ustedes. Hoy, nosotros estamos aqu\u00ed para cambiar esa historia, porque el Ecuador de antes ya lo vivimos y El Ecuador de ma\u00f1ana es el que estamos construyendo ahora y lucharemos sin descanso hasta alcanzarlo\u201d.<\/p>\n<p>Previo a esta actividad, el Jefe de Estado mantuvo una reuni\u00f3n de trabajo con l\u00edderes comunitarios de Otavalo para conocer de primera mano las demandas y necesidades de la poblaci\u00f3n. En este marco Flor C\u00f3rdova, representante de la comunidad ind\u00edgena, felicit\u00f3 que el Presidente de la Rep\u00fablica recorra el Ecuador para palpar las necesidades de la ruralidad: \u201cSi trabaja en territorio, nosotros podemos acercarnos a \u00e9l y para mi comunidad ha sido muy fruct\u00edfero\u201d, sostuvo.<\/p>\n","protected":false},"excerpt":{"rendered":"<p>Otavalo. \u2013 La agricultura es una de las actividades productivas m\u00e1s importantes para el desarrollo econ\u00f3mico del pa\u00eds. Por ello, la ma\u00f1ana de este viernes, 21 de febrero, el Gobierno Nacional, a trav\u00e9s de los ministerios de Agricultura y Ganader\u00eda (MAG) y del Ambiente, Agua y Transici\u00f3n Ecol\u00f3gica (MAATE), lleg\u00f3 hasta la provincia de Imbabura [&hellip;]<\/p>\n","protected":false},"author":2,"featured_media":24485,"comment_status":"open","ping_status":"closed","sticky":false,"template":"","format":"standard","meta":{"_jetpack_memberships_contains_paid_content":false,"footnotes":""},"categories":[13],"tags":[157,294,1322],"class_list":["post-24484","post","type-post","status-publish","format-standard","has-post-thumbnail","hentry","category-noticias-nacionales","tag-gobierno-nacional","tag-ministerio-de-agricultura-y-ganaderia","tag-presidente-daniel-noboa"],"jetpack_featured_media_url":"https:\/\/radiocresatelital.com\/wp-content\/uploads\/2025\/02\/54342068033_d10a3d3493_c.jpg","jetpack_sharing_enabled":true,"_links":{"self":[{"href":"https:\/\/radiocresatelital.com\/index.php?rest_route=\/wp\/v2\/posts\/24484","targetHints":{"allow":["GET"]}}],"collection":[{"href":"https:\/\/radiocresatelital.com\/index.php?rest_route=\/wp\/v2\/posts"}],"about":[{"href":"https:\/\/radiocresatelital.com\/index.php?rest_route=\/wp\/v2\/types\/post"}],"author":[{"embeddable":true,"href":"https:\/\/radiocresatelital.com\/index.php?rest_route=\/wp\/v2\/users\/2"}],"replies":[{"embeddable":true,"href":"https:\/\/radiocresatelital.com\/index.php?rest_route=%2Fwp%2Fv2%2Fcomments&post=24484"}],"version-history":[{"count":1,"href":"https:\/\/radiocresatelital.com\/index.php?rest_route=\/wp\/v2\/posts\/24484\/revisions"}],"predecessor-version":[{"id":24486,"href":"https:\/\/radiocresatelital.com\/index.php?rest_route=\/wp\/v2\/posts\/24484\/revisions\/24486"}],"wp:featuredmedia":[{"embeddable":true,"href":"https:\/\/radiocresatelital.com\/index.php?rest_route=\/wp\/v2\/media\/24485"}],"wp:attachment":[{"href":"https:\/\/radiocresatelital.com\/index.php?rest_route=%2Fwp%2Fv2%2Fmedia&parent=24484"}],"wp:term":[{"taxonomy":"category","embeddable":true,"href":"https:\/\/radiocresatelital.com\/index.php?rest_route=%2Fwp%2Fv2%2Fcategories&post=24484"},{"taxonomy":"post_tag","embeddable":true,"href":"https:\/\/radiocresatelital.com\/index.php?rest_route=%2Fwp%2Fv2%2Ftags&post=24484"}],"curies":[{"name":"wp","href":"https:\/\/api.w.org\/{rel}","templated":true}]}}