{"id":24463,"date":"2025-02-20T22:42:42","date_gmt":"2025-02-20T22:42:42","guid":{"rendered":"https:\/\/radiocresatelital.com\/?p=24463"},"modified":"2025-02-20T22:44:47","modified_gmt":"2025-02-20T22:44:47","slug":"%f0%9d%90%82%f0%9d%90%a8%f0%9d%90%a7-%f0%9d%90%9c%f0%9d%90%9a%f0%9d%90%ac%f0%9d%90%9a-%f0%9d%90%9a%f0%9d%90%9b%f0%9d%90%a2%f0%9d%90%9e%f0%9d%90%ab%f0%9d%90%ad%f0%9d%90%9a-%f0%9d%90%87%f0%9d%90%a8","status":"publish","type":"post","link":"https:\/\/radiocresatelital.com\/?p=24463","title":{"rendered":"\ud835\udc02\ud835\udc28\ud835\udc27 \ud835\udc1c\ud835\udc1a\ud835\udc2c\ud835\udc1a \ud835\udc1a\ud835\udc1b\ud835\udc22\ud835\udc1e\ud835\udc2b\ud835\udc2d\ud835\udc1a \ud835\udc07\ud835\udc28\ud835\udc2c\ud835\udc29\ud835\udc22\ud835\udc2d\ud835\udc1a\ud835\udc25 \ud835\udc13\ud835\udc1e\u00f3\ud835\udc1f\ud835\udc22\ud835\udc25\ud835\udc28 \ud835\udc03\u00e1\ud835\udc2f\ud835\udc22\ud835\udc25\ud835\udc1a \ud835\udc1c\ud835\udc28\ud835\udc27\ud835\udc26\ud835\udc1e\ud835\udc26\ud835\udc28\ud835\udc2b\u00f3 \ud835\udc1e\ud835\udc25 \ud835\udc03\u00ed\ud835\udc1a \ud835\udc0c\ud835\udc2e\ud835\udc27\ud835\udc1d\ud835\udc22\ud835\udc1a\ud835\udc25 \ud835\udc1c\ud835\udc28\ud835\udc27\ud835\udc2d\ud835\udc2b\ud835\udc1a \ud835\udc1e\ud835\udc25 \ud835\udc02\u00e1\ud835\udc27\ud835\udc1c\ud835\udc1e\ud835\udc2b"},"content":{"rendered":"<p>Machala.- El evento inici\u00f3 con la intervenci\u00f3n de Mishell Zurita, directora asistencial, quien destac\u00f3 el trabajo que realiza el Ministerio de Salud P\u00fablica en el primer y segundo nivel de atenci\u00f3n, donde se hace un tamizaje para detectar a pacientes que podr\u00edan padecer de c\u00e1ncer y poder brindarles atenci\u00f3n a tiempo.<\/p>\n<p>En esta casa abierta se brind\u00f3 dos charlas informativas: Prevenci\u00f3n de c\u00e1ncer de c\u00e9rvix a cargo de B\u00e1rbara Mart\u00ednez, especialista en Ginecolog\u00eda y C\u00e1ncer Hereditario a cargo de Juan Eli Galarza, especialista en Gen\u00e9tica.<\/p>\n<p>En el evento hubo tres stands con temas alusivos a la fecha, con la finalidad de concienciar a la ciudadan\u00eda sobre los s\u00edntomas y que acciones realizar para prevenir y detectar esta enfermedad.<\/p>\n<p>El evento fue organizado por Promoci\u00f3n de la Salud con apoyo de Salud Ocupacional y m\u00e9dicos Postgradistas en medicina familiar.<\/p>\n<p>Seg\u00fan datos de la Organizaci\u00f3n Panamericana de la Salud (OPS) el c\u00e1ncer cervicouterino sigue cobrando la vida de alrededor de 40.000 mujeres en las Am\u00e9ricas cada a\u00f1o, pero con estrategias adecuadas \u2013 como la vacunaci\u00f3n contra el VPH, la detecci\u00f3n y el tratamiento \u2013 podr\u00eda eliminarse como un problema de salud p\u00fablica. El c\u00e1ncer cervicouterino es una de las m\u00e1s de 30 enfermedades y condiciones relacionadas que la OPS busca eliminar como parte de su Iniciativa de Eliminaci\u00f3n de Enfermedades.<\/p>\n","protected":false},"excerpt":{"rendered":"<p>Machala.- El evento inici\u00f3 con la intervenci\u00f3n de Mishell Zurita, directora asistencial, quien destac\u00f3 el trabajo que realiza el Ministerio de Salud P\u00fablica en el primer y segundo nivel de atenci\u00f3n, donde se hace un tamizaje para detectar a pacientes que podr\u00edan padecer de c\u00e1ncer y poder brindarles atenci\u00f3n a tiempo. En esta casa abierta [&hellip;]<\/p>\n","protected":false},"author":2,"featured_media":24464,"comment_status":"open","ping_status":"closed","sticky":false,"template":"","format":"standard","meta":{"_jetpack_memberships_contains_paid_content":false,"footnotes":""},"categories":[13,1023],"tags":[448,148],"class_list":["post-24463","post","type-post","status-publish","format-standard","has-post-thumbnail","hentry","category-noticias-nacionales","category-salud","tag-hospital-teofilo-davila","tag-ministerio-de-salud-publica"],"jetpack_featured_media_url":"https:\/\/radiocresatelital.com\/wp-content\/uploads\/2025\/02\/WhatsApp-Image-2025-02-20-at-13.13.09.jpeg","jetpack_sharing_enabled":true,"_links":{"self":[{"href":"https:\/\/radiocresatelital.com\/index.php?rest_route=\/wp\/v2\/posts\/24463","targetHints":{"allow":["GET"]}}],"collection":[{"href":"https:\/\/radiocresatelital.com\/index.php?rest_route=\/wp\/v2\/posts"}],"about":[{"href":"https:\/\/radiocresatelital.com\/index.php?rest_route=\/wp\/v2\/types\/post"}],"author":[{"embeddable":true,"href":"https:\/\/radiocresatelital.com\/index.php?rest_route=\/wp\/v2\/users\/2"}],"replies":[{"embeddable":true,"href":"https:\/\/radiocresatelital.com\/index.php?rest_route=%2Fwp%2Fv2%2Fcomments&post=24463"}],"version-history":[{"count":1,"href":"https:\/\/radiocresatelital.com\/index.php?rest_route=\/wp\/v2\/posts\/24463\/revisions"}],"predecessor-version":[{"id":24465,"href":"https:\/\/radiocresatelital.com\/index.php?rest_route=\/wp\/v2\/posts\/24463\/revisions\/24465"}],"wp:featuredmedia":[{"embeddable":true,"href":"https:\/\/radiocresatelital.com\/index.php?rest_route=\/wp\/v2\/media\/24464"}],"wp:attachment":[{"href":"https:\/\/radiocresatelital.com\/index.php?rest_route=%2Fwp%2Fv2%2Fmedia&parent=24463"}],"wp:term":[{"taxonomy":"category","embeddable":true,"href":"https:\/\/radiocresatelital.com\/index.php?rest_route=%2Fwp%2Fv2%2Fcategories&post=24463"},{"taxonomy":"post_tag","embeddable":true,"href":"https:\/\/radiocresatelital.com\/index.php?rest_route=%2Fwp%2Fv2%2Ftags&post=24463"}],"curies":[{"name":"wp","href":"https:\/\/api.w.org\/{rel}","templated":true}]}}