{"id":243,"date":"2023-06-22T21:45:32","date_gmt":"2023-06-22T21:45:32","guid":{"rendered":"https:\/\/radiocresatelital.com\/?p=243"},"modified":"2023-06-22T21:45:32","modified_gmt":"2023-06-22T21:45:32","slug":"angel-dimaria-le-agradece-a-juventus-durante-su-despedida","status":"publish","type":"post","link":"https:\/\/radiocresatelital.com\/?p=243","title":{"rendered":"\u00c1ngel DiMar\u00eda le agradece a Juventus durante su despedida"},"content":{"rendered":"<p>Tur\u00edn.- \u00abGracias por todo &#8216;Fideo&#8217; y lo mejor para el futuro\u00bb, fueron las palabras del cuadro italiano,\u00a0 Juventus al campe\u00f3n mundial argentino \u00c1ngel Di Mar\u00eda, quien tras una temporada en el club turin\u00e9s retornar\u00eda al Benfica.<\/p>\n<p>\u00abLos caminos de Angel y de Juventus se separan\u00bb, destaca el comunicado oficial de la \u00abVecchia Signora\u00bb, al recordar que en su paso por el club el delantero \u00abmostr\u00f3 destellos de su gran clase en 40 partidos disputados, con ocho goles convertidos, entre el campeonato y la Europa League\u00bb.<\/p>\n<p>Todo esto, con la consagraci\u00f3n de Argentina en el Mundial de Qatar en el medio\u00bb, recuerda Juventus, que de com\u00fan acuerdo decidi\u00f3 no renovar el v\u00ednculo que expira el 30 de junio.<\/p>\n<p>El club turin\u00e9s esperaba m\u00e1s del argentino, as\u00ed como \u00e9l tambi\u00e9n aspiraba algo m\u00e1s con Juventus, que tras la sanci\u00f3n recibida por irregularidades administrativas qued\u00f3 fuera de la lucha por el t\u00edtulo y s\u00f3lo logr\u00f3 clasificarse a la pr\u00f3xima edici\u00f3n de la Conference League.<\/p>\n<p>El \u00abdivorcio\u00bb result\u00f3 inevitable y cada cual comienza a enfocarse en el futuro, que en el caso de Juventus lo llev\u00f3 a confirmar al delantero polaco Arkadiusz Milik en el plantel entrenado por Massimiliano Allegri.<\/p>\n<p>Fue luego de alcanzar un acuerdo con Olympique de Marsella a cambio de 6,3 millones de euros pagaderos en tres cuotas y un mill\u00f3n adicional en caso de alcanzarse determinados objetivos.<\/p>\n<p>\u00abPoder seguir jugando con esta casaca, con estos colores y frente a estos aficionados es un privilegio y har\u00e9 todo lo necesario para merecerlo\u00bb, destac\u00f3 el polaco con pasado en Napoli.<\/p>\n<p>Para equilibrar sus finanzas, Juventus tiene que vender y los nombres que se barajan como eventuales cesiones en el mercado de pases son los de los tambi\u00e9n delanteros Dusan Vlahovic y Federico Chiesa.<\/p>\n<p>A\u00fan cuando ambos siguen posteando im\u00e1genes en Instagram que los muestran con la casaca blanquinegra, hay quienes apuntan a Liverpool como pr\u00f3ximo destino del italiano y al Bayern Munich para el serbio.<\/p>\n<p>A la espera de una decisi\u00f3n del volante franc\u00e9s Adrien Rabiot sobre la propuesta que le elevaron para renovar, Juventus apunta al tambi\u00e9n mediocampista Davide Frattesi, de Sassuolo y uno de los m\u00e1s codiciados en este mercado.<\/p>\n<p>Otra incorporaci\u00f3n que aspira concretar el club turin\u00e9s no apunta a refuerzos para el plantel, sino a Cristiano Giuntoli como director deportivo, pues es considerado por muchos como padre del \u00abmilagro\u00bb de Napoli que conquist\u00f3 el \u00abscudetto\u00bb con Luciano Spalletti como entrenador.<\/p>\n<p>En lo que hace a Di Mar\u00eda, de 35 a\u00f1os, ya se hab\u00eda despedido de Juventus a comienzos de mes y tiene todo acordado para regresar al Benfica, en el que jug\u00f3 entre 2007 y 2010 tras llegar procedente de Rosario Central y festej\u00f3 15 goles (m\u00e1s 28 asistencias) en 120 partidos.<\/p>\n<p>Campe\u00f3n ol\u00edmpico en Pek\u00edn 2008 y en la Copa Am\u00e9rica de 2021 en Brasil (en ambos con goles claves convertidos en las finales), Di Mar\u00eda era mencionado como posible refuerzo de Inter de Miami.<\/p>\n<p>Una especulaci\u00f3n vinculada con el desembarco en esa franquicia de la Major League Soccer (MLS) de su compatriota y amigo Lionel Messi, con quien supo compartir plantel tambi\u00e9n en Par\u00eds Saint-Germain.<\/p>\n<p>En Benfica fue campe\u00f3n de Portugal y gan\u00f3 dos Copas nacionales, antes de pegar el salto a Real Madrid, donde jug\u00f3 entre 2010 y 2015 y celebr\u00f3 una Liga Espa\u00f1ola, dos Copas del Rey y una Supercopa de Espa\u00f1a, adem\u00e1s de la Champions y la Supercopa de Europa.<\/p>\n<p>En el PSG jug\u00f3 entre 2015 y 2022 luego de una temporada en Manchester United y celebr\u00f3 93 goles en 295 partidos, adem\u00e1s de festejar cinco t\u00edtulos en la Ligue 1, cuatro Copas de Francia, tres Copas de la Liga y cuatro Supercopas nacionales.<\/p>\n<p>En Benfica se reencontrar\u00e1 con un compa\u00f1ero en la selecci\u00f3n argentina, el zaguero Nicol\u00e1s Otamendi, quien acaba de renovar su contrato y con quien recientemente comparti\u00f3 vacaciones junto con Messi. (ANSA).<\/p>\n","protected":false},"excerpt":{"rendered":"<p>Tur\u00edn.- \u00abGracias por todo &#8216;Fideo&#8217; y lo mejor para el futuro\u00bb, fueron las palabras del cuadro italiano,\u00a0 Juventus al campe\u00f3n mundial argentino \u00c1ngel Di Mar\u00eda, quien tras una temporada en el club turin\u00e9s retornar\u00eda al Benfica. \u00abLos caminos de Angel y de Juventus se separan\u00bb, destaca el comunicado oficial de la \u00abVecchia Signora\u00bb, al recordar [&hellip;]<\/p>\n","protected":false},"author":2,"featured_media":244,"comment_status":"open","ping_status":"closed","sticky":false,"template":"","format":"standard","meta":{"_jetpack_memberships_contains_paid_content":false,"footnotes":""},"categories":[7],"tags":[63],"class_list":["post-243","post","type-post","status-publish","format-standard","has-post-thumbnail","hentry","category-futbol-internacional","tag-angel-di-maria"],"jetpack_featured_media_url":"https:\/\/radiocresatelital.com\/wp-content\/uploads\/2023\/06\/98f0e03cfc4a57513caed0e16aafa323098b9f57.png","jetpack_sharing_enabled":true,"_links":{"self":[{"href":"https:\/\/radiocresatelital.com\/index.php?rest_route=\/wp\/v2\/posts\/243","targetHints":{"allow":["GET"]}}],"collection":[{"href":"https:\/\/radiocresatelital.com\/index.php?rest_route=\/wp\/v2\/posts"}],"about":[{"href":"https:\/\/radiocresatelital.com\/index.php?rest_route=\/wp\/v2\/types\/post"}],"author":[{"embeddable":true,"href":"https:\/\/radiocresatelital.com\/index.php?rest_route=\/wp\/v2\/users\/2"}],"replies":[{"embeddable":true,"href":"https:\/\/radiocresatelital.com\/index.php?rest_route=%2Fwp%2Fv2%2Fcomments&post=243"}],"version-history":[{"count":1,"href":"https:\/\/radiocresatelital.com\/index.php?rest_route=\/wp\/v2\/posts\/243\/revisions"}],"predecessor-version":[{"id":245,"href":"https:\/\/radiocresatelital.com\/index.php?rest_route=\/wp\/v2\/posts\/243\/revisions\/245"}],"wp:featuredmedia":[{"embeddable":true,"href":"https:\/\/radiocresatelital.com\/index.php?rest_route=\/wp\/v2\/media\/244"}],"wp:attachment":[{"href":"https:\/\/radiocresatelital.com\/index.php?rest_route=%2Fwp%2Fv2%2Fmedia&parent=243"}],"wp:term":[{"taxonomy":"category","embeddable":true,"href":"https:\/\/radiocresatelital.com\/index.php?rest_route=%2Fwp%2Fv2%2Fcategories&post=243"},{"taxonomy":"post_tag","embeddable":true,"href":"https:\/\/radiocresatelital.com\/index.php?rest_route=%2Fwp%2Fv2%2Ftags&post=243"}],"curies":[{"name":"wp","href":"https:\/\/api.w.org\/{rel}","templated":true}]}}