{"id":24169,"date":"2025-02-14T16:01:23","date_gmt":"2025-02-14T16:01:23","guid":{"rendered":"https:\/\/radiocresatelital.com\/?p=24169"},"modified":"2025-02-14T16:01:23","modified_gmt":"2025-02-14T16:01:23","slug":"asesinan-al-comandante-de-operaciones-de-la-fae-en-guayaquil","status":"publish","type":"post","link":"https:\/\/radiocresatelital.com\/?p=24169","title":{"rendered":"Asesinan al Comandante de Operaciones de la FAE en Guayaquil"},"content":{"rendered":"<p>Guayaquil.- Cerca de las 8 de la ma\u00f1ana, en el km. 16.5 de la v\u00eda Daule, en las inmediaciones de la Penitenciar\u00eda del Litoral, fue asesinado a tiros el Comandante de Operaciones de las Fuerzas Armadas en Guayaquil, Teniente Coronel Porfirio Cede\u00f1o Cede\u00f1o.<\/p>\n<p>El occiso se trasladaba en una camioneta Ford doble cabina, no blindada, el momento en el cual fue atacado a tiros. El disparo mortal acert\u00f3 en la cabeza del militar. Su conductor fue herido de gravedad, pero fue trasladado con vida a una casa asistencial, aunque en estado de gravedad.<\/p>\n<div style=\"width: 480px;\" class=\"wp-video\"><video class=\"wp-video-shortcode\" id=\"video-24169-1\" width=\"480\" height=\"848\" preload=\"metadata\" controls=\"controls\"><source type=\"video\/mp4\" src=\"https:\/\/radiocresatelital.com\/wp-content\/uploads\/2025\/02\/MvO-1XeiQO0DMHSV.mp4?_=1\" \/><a href=\"https:\/\/radiocresatelital.com\/wp-content\/uploads\/2025\/02\/MvO-1XeiQO0DMHSV.mp4\">https:\/\/radiocresatelital.com\/wp-content\/uploads\/2025\/02\/MvO-1XeiQO0DMHSV.mp4<\/a><\/video><\/div>\n<p>El comandante del Grupo de Operaciones Especiales de Fuerza A\u00e9rea Ecuatoriana, era quien hab\u00eda liderado y ejecutado los operativos realizados las \u00faltimas semanas en Dur\u00e1n y el momento del atentado mortal se dirig\u00eda a la ciudad de Manta.<\/p>\n<p>Las Fuerzas Armadas, han ofrecido recompensa a quien d\u00e9 informaci\u00f3n sobre el nombre y paradero de los autores materiales e intelectuales de este atr\u00f3z crimen. Hasta el momento, la \u00fanica pista existente es que el veh\u00edculo utilizado para el crimen fue quemado en Villa Bonita.<\/p>\n<p>&nbsp;<\/p>\n<p>&nbsp;<\/p>\n","protected":false},"excerpt":{"rendered":"<p>Guayaquil.- Cerca de las 8 de la ma\u00f1ana, en el km. 16.5 de la v\u00eda Daule, en las inmediaciones de la Penitenciar\u00eda del Litoral, fue asesinado a tiros el Comandante de Operaciones de las Fuerzas Armadas en Guayaquil, Teniente Coronel Porfirio Cede\u00f1o Cede\u00f1o. El occiso se trasladaba en una camioneta Ford doble cabina, no blindada, [&hellip;]<\/p>\n","protected":false},"author":3,"featured_media":24171,"comment_status":"open","ping_status":"closed","sticky":false,"template":"","format":"standard","meta":{"_jetpack_memberships_contains_paid_content":false,"footnotes":""},"categories":[13],"tags":[372],"class_list":["post-24169","post","type-post","status-publish","format-standard","has-post-thumbnail","hentry","category-noticias-nacionales","tag-ffaa"],"jetpack_featured_media_url":"https:\/\/radiocresatelital.com\/wp-content\/uploads\/2025\/02\/recompensa.jpeg","jetpack_sharing_enabled":true,"_links":{"self":[{"href":"https:\/\/radiocresatelital.com\/index.php?rest_route=\/wp\/v2\/posts\/24169","targetHints":{"allow":["GET"]}}],"collection":[{"href":"https:\/\/radiocresatelital.com\/index.php?rest_route=\/wp\/v2\/posts"}],"about":[{"href":"https:\/\/radiocresatelital.com\/index.php?rest_route=\/wp\/v2\/types\/post"}],"author":[{"embeddable":true,"href":"https:\/\/radiocresatelital.com\/index.php?rest_route=\/wp\/v2\/users\/3"}],"replies":[{"embeddable":true,"href":"https:\/\/radiocresatelital.com\/index.php?rest_route=%2Fwp%2Fv2%2Fcomments&post=24169"}],"version-history":[{"count":1,"href":"https:\/\/radiocresatelital.com\/index.php?rest_route=\/wp\/v2\/posts\/24169\/revisions"}],"predecessor-version":[{"id":24172,"href":"https:\/\/radiocresatelital.com\/index.php?rest_route=\/wp\/v2\/posts\/24169\/revisions\/24172"}],"wp:featuredmedia":[{"embeddable":true,"href":"https:\/\/radiocresatelital.com\/index.php?rest_route=\/wp\/v2\/media\/24171"}],"wp:attachment":[{"href":"https:\/\/radiocresatelital.com\/index.php?rest_route=%2Fwp%2Fv2%2Fmedia&parent=24169"}],"wp:term":[{"taxonomy":"category","embeddable":true,"href":"https:\/\/radiocresatelital.com\/index.php?rest_route=%2Fwp%2Fv2%2Fcategories&post=24169"},{"taxonomy":"post_tag","embeddable":true,"href":"https:\/\/radiocresatelital.com\/index.php?rest_route=%2Fwp%2Fv2%2Ftags&post=24169"}],"curies":[{"name":"wp","href":"https:\/\/api.w.org\/{rel}","templated":true}]}}