{"id":24141,"date":"2025-02-12T21:16:55","date_gmt":"2025-02-12T21:16:55","guid":{"rendered":"https:\/\/radiocresatelital.com\/?p=24141"},"modified":"2025-02-12T23:18:54","modified_gmt":"2025-02-12T23:18:54","slug":"la-fabril-conmemora-el-dia-internacional-de-la-nina-y-la-mujer-en-la-ciencia-con-una-jornada-de-empoderamiento-femenino","status":"publish","type":"post","link":"https:\/\/radiocresatelital.com\/?p=24141","title":{"rendered":"La Fabril conmemora el D\u00eda Internacional de la ni\u00f1a y la mujer en la ciencia con una jornada de empoderamiento femenino"},"content":{"rendered":"<p>Guayaquil.- Con el objetivo de inspirar a las nuevas generaciones y acercarlas al mundo cient\u00edfico e industrial, La Fabril organiz\u00f3 una jornada especial en conmemoraci\u00f3n del D\u00eda Internacional de la Ni\u00f1a y la Mujer en la Ciencia. A trav\u00e9s de esta iniciativa, dos grupos de j\u00f3venes de 15 y 16 a\u00f1os, uno de Manta y otro de Montecristi, tuvieron la oportunidad de conocer de primera mano el liderazgo de mujeres profesionales en diversas \u00e1reas estrat\u00e9gicas de la compa\u00f1\u00eda.<\/p>\n<p>Las participantes recibieron charlas de mujeres l\u00edderes en \u00e1reas como marketing, compensaciones, operaciones, ventas y seguridad industrial, quienes compartieron sus experiencias y desaf\u00edos en el \u00e1mbito laboral. Adem\u00e1s, recorrieron las instalaciones de La Fabril, donde conocieron de cerca los procesos industriales y la contribuci\u00f3n de las mujeres en este sector.<\/p>\n<p>Como parte de la jornada, se present\u00f3 la iniciativa \u201cNi\u00f1as Sin Miedo\u201d, un programa de La Fabril a trav\u00e9s de su marca \u00cdntima, que desde 2019 ha trabajado en la educaci\u00f3n sobre salud menstrual, impactando a miles de ni\u00f1as y mujeres en Ecuador. La iniciativa ha distribuido m\u00e1s de 9,000 kits de higiene menstrual y ha desarrollado charlas educativas en comunidades vulnerables.<\/p>\n<p>Yamel Ortiz, Jefa de Marca de La Fabril, afirm\u00f3 \u201cEl futuro se construye con innovaci\u00f3n y conocimiento. Con Ni\u00f1as sin Miedo, abrimos camino para que m\u00e1s ni\u00f1as accedan a la educaci\u00f3n en ciencia y tecnolog\u00eda y sean protagonistas del cambio.\u00bb<\/p>\n<p>Tambi\u00e9n, dentro de las actividades, la Universidad UTE, a trav\u00e9s de su representante Bel\u00e9n J\u00e1come, Decana de la FCII, present\u00f3 su programa de becas vigente desde 2024. Este programa permite que las mujeres que deseen estudiar carreras t\u00e9cnicas puedan postularse para recibir becas completas en estas \u00e1reas. Este esfuerzo tiene como objetivo fomentar el acceso de m\u00e1s mujeres a carreras en ingenier\u00eda y otras disciplinas clave para el desarrollo del pa\u00eds.<\/p>\n<p>La actividad cont\u00f3 con el respaldo del Patronato de Manta y Montecristi, sum\u00e1ndose al compromiso de La Fabril por fortalecer la presencia femenina en la ciencia y la industria.<\/p>\n<p>Por otra parta, Santiago Palacios, Jefe de Comunicaci\u00f3n de La Fabril, expres\u00f3: \u201cM\u00e1s que una visita, queremos que esta experiencia sea un punto de partida para que estas j\u00f3venes se vean a s\u00ed mismas como futuras l\u00edderes. Nuestro prop\u00f3sito en La Fabril es abrir puertas y demostrarles que tienen un lugar en la ciencia, la tecnolog\u00eda y la industria\u201d.<\/p>\n<p>Con esta iniciativa, La Fabril reafirma su compromiso con la equidad de g\u00e9nero y el desarrollo de talento joven, impulsando un futuro con m\u00e1s oportunidades para las ni\u00f1as y mujeres ecuatorianas.<\/p>\n","protected":false},"excerpt":{"rendered":"<p>Guayaquil.- Con el objetivo de inspirar a las nuevas generaciones y acercarlas al mundo cient\u00edfico e industrial, La Fabril organiz\u00f3 una jornada especial en conmemoraci\u00f3n del D\u00eda Internacional de la Ni\u00f1a y la Mujer en la Ciencia. A trav\u00e9s de esta iniciativa, dos grupos de j\u00f3venes de 15 y 16 a\u00f1os, uno de Manta y [&hellip;]<\/p>\n","protected":false},"author":2,"featured_media":24142,"comment_status":"open","ping_status":"closed","sticky":false,"template":"","format":"standard","meta":{"_jetpack_memberships_contains_paid_content":false,"footnotes":""},"categories":[13],"tags":[2181],"class_list":["post-24141","post","type-post","status-publish","format-standard","has-post-thumbnail","hentry","category-noticias-nacionales","tag-la-fabril"],"jetpack_featured_media_url":"https:\/\/radiocresatelital.com\/wp-content\/uploads\/2025\/02\/Ninas-sin-miedo-6-scaled.jpg","jetpack_sharing_enabled":true,"_links":{"self":[{"href":"https:\/\/radiocresatelital.com\/index.php?rest_route=\/wp\/v2\/posts\/24141","targetHints":{"allow":["GET"]}}],"collection":[{"href":"https:\/\/radiocresatelital.com\/index.php?rest_route=\/wp\/v2\/posts"}],"about":[{"href":"https:\/\/radiocresatelital.com\/index.php?rest_route=\/wp\/v2\/types\/post"}],"author":[{"embeddable":true,"href":"https:\/\/radiocresatelital.com\/index.php?rest_route=\/wp\/v2\/users\/2"}],"replies":[{"embeddable":true,"href":"https:\/\/radiocresatelital.com\/index.php?rest_route=%2Fwp%2Fv2%2Fcomments&post=24141"}],"version-history":[{"count":1,"href":"https:\/\/radiocresatelital.com\/index.php?rest_route=\/wp\/v2\/posts\/24141\/revisions"}],"predecessor-version":[{"id":24143,"href":"https:\/\/radiocresatelital.com\/index.php?rest_route=\/wp\/v2\/posts\/24141\/revisions\/24143"}],"wp:featuredmedia":[{"embeddable":true,"href":"https:\/\/radiocresatelital.com\/index.php?rest_route=\/wp\/v2\/media\/24142"}],"wp:attachment":[{"href":"https:\/\/radiocresatelital.com\/index.php?rest_route=%2Fwp%2Fv2%2Fmedia&parent=24141"}],"wp:term":[{"taxonomy":"category","embeddable":true,"href":"https:\/\/radiocresatelital.com\/index.php?rest_route=%2Fwp%2Fv2%2Fcategories&post=24141"},{"taxonomy":"post_tag","embeddable":true,"href":"https:\/\/radiocresatelital.com\/index.php?rest_route=%2Fwp%2Fv2%2Ftags&post=24141"}],"curies":[{"name":"wp","href":"https:\/\/api.w.org\/{rel}","templated":true}]}}