{"id":24121,"date":"2025-02-12T19:34:16","date_gmt":"2025-02-12T19:34:16","guid":{"rendered":"https:\/\/radiocresatelital.com\/?p=24121"},"modified":"2025-02-12T21:37:07","modified_gmt":"2025-02-12T21:37:07","slug":"centro-comercial-mall-del-fortin-celebra-el-mes-del-amor-con-su-primer-matrimonio-colectivo","status":"publish","type":"post","link":"https:\/\/radiocresatelital.com\/?p=24121","title":{"rendered":"Centro Comercial \u00abMall del Fort\u00edn\u00bb celebra el mes del amor con su primer matrimonio colectivo"},"content":{"rendered":"<p>Guayaquil.- En el marco de la celebraci\u00f3n por San Valent\u00edn, el centro comercial Mall El Fort\u00edn organizar\u00e1 su primer matrimonio colectivo. Este 14 de febrero, a partir de las 15h00 locales (20h00 GMT). Ocho parejas tendr\u00e1n la oportunidad de unirse en matrimonio en una ceremonia avalada por el Registro Civil que estar\u00e1 llena de momentos especiales. La convocatoria se realiz\u00f3 de manera abierta hasta completar el cupo, y la participaci\u00f3n es totalmente gratuita.<\/p>\n<p>Adem\u00e1s, como parte de la celebraci\u00f3n, tres parejas podr\u00e1n viajar con todos los gastos pagados a Cartagena, Colombia, como parte de una fabulosa promoci\u00f3n.\u00a0 Los clientes podr\u00e1n participar desde el 31 de enero hasta el 16 de febrero, y el sorteo se realizar\u00e1 el 17 de febrero, permitiendo a los ganadores disfrutar de un Carnaval 2025 en uno de los destinos m\u00e1s rom\u00e1nticos del continente.<\/p>\n<p>Para continuar con la magia del amor, el centro comercial ofrecer\u00e1 un Show de San Valent\u00edn en su patio de comidas el 14 de febrero a partir de las 16H00, donde los asistentes podr\u00e1n disfrutar de una presentaci\u00f3n musical con las mejores baladas rom\u00e1nticas en un ambiente acogedor ideal para celebrar el amor y la amistad.<\/p>\n<p>Para complementar la experiencia, el mismo d\u00eda sorprender\u00e1n a las parejas que visiten sus instalaciones con un detalle especial. Mimos recorrer\u00e1n los pasillos entregando rosas a los visitantes, creando un ambiente lleno de romance y magia.<\/p>\n<p>\u00abEn Mall El Fort\u00edn queremos que este San Valent\u00edn sea inolvidable para nuestros visitantes. Con nuestro primer matrimonio colectivo, buscamos celebrar el amor de una manera diferente, brindando a las parejas la oportunidad de vivir un momento \u00fanico. Adem\u00e1s, nuestro sorteo de viajes a Cartagena permitir\u00e1 que el romanticismo trascienda m\u00e1s all\u00e1 de nuestras instalaciones\u00bb, expres\u00f3 Daniel, Jefe de Marketing de Mall El Fort\u00edn.<\/p>\n","protected":false},"excerpt":{"rendered":"<p>Guayaquil.- En el marco de la celebraci\u00f3n por San Valent\u00edn, el centro comercial Mall El Fort\u00edn organizar\u00e1 su primer matrimonio colectivo. Este 14 de febrero, a partir de las 15h00 locales (20h00 GMT). Ocho parejas tendr\u00e1n la oportunidad de unirse en matrimonio en una ceremonia avalada por el Registro Civil que estar\u00e1 llena de momentos [&hellip;]<\/p>\n","protected":false},"author":2,"featured_media":24122,"comment_status":"open","ping_status":"closed","sticky":false,"template":"","format":"standard","meta":{"_jetpack_memberships_contains_paid_content":false,"footnotes":""},"categories":[13],"tags":[3794],"class_list":["post-24121","post","type-post","status-publish","format-standard","has-post-thumbnail","hentry","category-noticias-nacionales","tag-mall-del-fortin"],"jetpack_featured_media_url":"https:\/\/radiocresatelital.com\/wp-content\/uploads\/2025\/02\/WhatsApp-Image-2025-02-12-at-16.03.59.jpeg","jetpack_sharing_enabled":true,"_links":{"self":[{"href":"https:\/\/radiocresatelital.com\/index.php?rest_route=\/wp\/v2\/posts\/24121","targetHints":{"allow":["GET"]}}],"collection":[{"href":"https:\/\/radiocresatelital.com\/index.php?rest_route=\/wp\/v2\/posts"}],"about":[{"href":"https:\/\/radiocresatelital.com\/index.php?rest_route=\/wp\/v2\/types\/post"}],"author":[{"embeddable":true,"href":"https:\/\/radiocresatelital.com\/index.php?rest_route=\/wp\/v2\/users\/2"}],"replies":[{"embeddable":true,"href":"https:\/\/radiocresatelital.com\/index.php?rest_route=%2Fwp%2Fv2%2Fcomments&post=24121"}],"version-history":[{"count":1,"href":"https:\/\/radiocresatelital.com\/index.php?rest_route=\/wp\/v2\/posts\/24121\/revisions"}],"predecessor-version":[{"id":24123,"href":"https:\/\/radiocresatelital.com\/index.php?rest_route=\/wp\/v2\/posts\/24121\/revisions\/24123"}],"wp:featuredmedia":[{"embeddable":true,"href":"https:\/\/radiocresatelital.com\/index.php?rest_route=\/wp\/v2\/media\/24122"}],"wp:attachment":[{"href":"https:\/\/radiocresatelital.com\/index.php?rest_route=%2Fwp%2Fv2%2Fmedia&parent=24121"}],"wp:term":[{"taxonomy":"category","embeddable":true,"href":"https:\/\/radiocresatelital.com\/index.php?rest_route=%2Fwp%2Fv2%2Fcategories&post=24121"},{"taxonomy":"post_tag","embeddable":true,"href":"https:\/\/radiocresatelital.com\/index.php?rest_route=%2Fwp%2Fv2%2Ftags&post=24121"}],"curies":[{"name":"wp","href":"https:\/\/api.w.org\/{rel}","templated":true}]}}