{"id":24085,"date":"2025-02-12T18:39:07","date_gmt":"2025-02-12T18:39:07","guid":{"rendered":"https:\/\/radiocresatelital.com\/?p=24085"},"modified":"2025-02-12T18:39:07","modified_gmt":"2025-02-12T18:39:07","slug":"guayaquil-apuesta-por-una-movilidad-mas-agil-nuevas-obras-en-la-av-juan-tanca-marengo-mejoraran-el-flujo-vehicular","status":"publish","type":"post","link":"https:\/\/radiocresatelital.com\/?p=24085","title":{"rendered":"Guayaquil apuesta por una movilidad m\u00e1s \u00e1gil: Nuevas obras en la Av. Juan Tanca Marengo mejorar\u00e1n el flujo vehicular"},"content":{"rendered":"<p>Guayaquil.- Diariamente, alrededor de 14.000 veh\u00edculos transitan por la soluci\u00f3n vial habilitada el pasado viernes por el alcalde Aquiles \u00c1lvarez en la avenida Juan Tanca Marengo. Esta obra, que estuvo abandonada durante aproximadamente cuatro a\u00f1os, representa un importante avance en la movilidad de las personas que circulan por esta zona.<\/p>\n<p>Ahora, la Direcci\u00f3n de Obras P\u00fablicas del Municipio de Guayaquil iniciar\u00e1 la siguiente fase de este proyecto, la cual contempla la construcci\u00f3n de obras complementarias. Una de las principales acciones ser\u00e1 la ampliaci\u00f3n de la avenida, que pasar\u00e1 de dos a tres carriles en el tramo donde se encuentra el paso elevado. Este ajuste permitir\u00e1 recuperar el ancho original de la v\u00eda, el cual se vio afectado por la construcci\u00f3n del viaducto. Para ello, se reducir\u00e1 el espacio de las aceras y ser\u00e1 necesario reubicar las tuber\u00edas de drenaje, agua potable y telecomunicaciones ubicadas en el sitio.<\/p>\n<p>Asimismo, la Direcci\u00f3n de Urbanismo, Movilidad, Catastros y Edificaciones (DUMCE) est\u00e1 evaluando la posibilidad de construir un paso peatonal en la misma \u00e1rea, aunque la ubicaci\u00f3n de esta infraestructura a\u00fan est\u00e1 en estudio.<\/p>\n<p>Ambas obras se encuentran en fase de an\u00e1lisis y ser\u00e1n ejecutados conforme a la planificaci\u00f3n establecida por la Direcci\u00f3n de Obras P\u00fablicas. Las obras en Guayaquil se construyen por fase con el objetivo de reducir las afectaciones a los ciudadanos.<\/p>\n<p>En los pr\u00f3ximos d\u00edas, la Agencia de Tr\u00e1nsito y Movilidad (ATM) cerrar\u00e1 el ingreso a la ciudadela San Felipe, ubicado unos metros adelante del paso peatonal, debido a que ya no es necesaria por la apertura de la nueva soluci\u00f3n vial. Esta medida contribuir\u00e1 a reducir los congestionamientos vehiculares en el sector.<\/p>\n<p>El paso elevado ha sido una obra clave para la ciudad, que la Alcald\u00eda de Aquiles \u00c1lvarez hered\u00f3 incompleta, con la entrega prevista para 2022. Gracias a las gestiones realizadas por la actual administraci\u00f3n, el proyecto fue concluido y ya beneficia a los habitantes de Guayaquil, mejorando la calidad de vida de los habitantes de la Ciudad de Todos.<\/p>\n","protected":false},"excerpt":{"rendered":"<p>Guayaquil.- Diariamente, alrededor de 14.000 veh\u00edculos transitan por la soluci\u00f3n vial habilitada el pasado viernes por el alcalde Aquiles \u00c1lvarez en la avenida Juan Tanca Marengo. Esta obra, que estuvo abandonada durante aproximadamente cuatro a\u00f1os, representa un importante avance en la movilidad de las personas que circulan por esta zona. Ahora, la Direcci\u00f3n de Obras [&hellip;]<\/p>\n","protected":false},"author":2,"featured_media":24086,"comment_status":"open","ping_status":"closed","sticky":false,"template":"","format":"standard","meta":{"_jetpack_memberships_contains_paid_content":false,"footnotes":""},"categories":[33,13],"tags":[1519],"class_list":["post-24085","post","type-post","status-publish","format-standard","has-post-thumbnail","hentry","category-guayaquil","category-noticias-nacionales","tag-alcalde-aquiles-alvarez"],"jetpack_featured_media_url":"https:\/\/radiocresatelital.com\/wp-content\/uploads\/2025\/02\/WhatsApp-Image-2025-02-12-at-11.31.37.jpeg","jetpack_sharing_enabled":true,"_links":{"self":[{"href":"https:\/\/radiocresatelital.com\/index.php?rest_route=\/wp\/v2\/posts\/24085","targetHints":{"allow":["GET"]}}],"collection":[{"href":"https:\/\/radiocresatelital.com\/index.php?rest_route=\/wp\/v2\/posts"}],"about":[{"href":"https:\/\/radiocresatelital.com\/index.php?rest_route=\/wp\/v2\/types\/post"}],"author":[{"embeddable":true,"href":"https:\/\/radiocresatelital.com\/index.php?rest_route=\/wp\/v2\/users\/2"}],"replies":[{"embeddable":true,"href":"https:\/\/radiocresatelital.com\/index.php?rest_route=%2Fwp%2Fv2%2Fcomments&post=24085"}],"version-history":[{"count":1,"href":"https:\/\/radiocresatelital.com\/index.php?rest_route=\/wp\/v2\/posts\/24085\/revisions"}],"predecessor-version":[{"id":24087,"href":"https:\/\/radiocresatelital.com\/index.php?rest_route=\/wp\/v2\/posts\/24085\/revisions\/24087"}],"wp:featuredmedia":[{"embeddable":true,"href":"https:\/\/radiocresatelital.com\/index.php?rest_route=\/wp\/v2\/media\/24086"}],"wp:attachment":[{"href":"https:\/\/radiocresatelital.com\/index.php?rest_route=%2Fwp%2Fv2%2Fmedia&parent=24085"}],"wp:term":[{"taxonomy":"category","embeddable":true,"href":"https:\/\/radiocresatelital.com\/index.php?rest_route=%2Fwp%2Fv2%2Fcategories&post=24085"},{"taxonomy":"post_tag","embeddable":true,"href":"https:\/\/radiocresatelital.com\/index.php?rest_route=%2Fwp%2Fv2%2Ftags&post=24085"}],"curies":[{"name":"wp","href":"https:\/\/api.w.org\/{rel}","templated":true}]}}