{"id":23915,"date":"2025-02-05T20:14:48","date_gmt":"2025-02-05T20:14:48","guid":{"rendered":"https:\/\/radiocresatelital.com\/?p=23915"},"modified":"2025-02-05T20:14:48","modified_gmt":"2025-02-05T20:14:48","slug":"iess-inaugura-hospital-del-dia-samborondon","status":"publish","type":"post","link":"https:\/\/radiocresatelital.com\/?p=23915","title":{"rendered":"IESS inaugura Hospital del D\u00eda Samborond\u00f3n"},"content":{"rendered":"<p>Guayaquil.- El anhelo de m\u00e1s de 79 mil asegurados, jubilados y pensionistas del cant\u00f3n Samborond\u00f3n de acceder a servicios de salud de calidad se hizo realidad. Este 5 de febrero, gracias al trabajo conjunto del Municipio de Samborond\u00f3n y del Instituto Ecuatoriano de Seguridad Social se inaugur\u00f3 el Centro Cl\u00ednico Quir\u00fargico Ambulatorio Hospital del D\u00eda \u201cMar\u00eda Rosa Parra Arreaga\u201d, que ser\u00e1 operado por el IESS.<\/p>\n<p>Al evento asistieron Eduardo Pe\u00f1a Hurtado, presidente del Consejo Directivo del IESS; Mar\u00eda de los \u00c1ngeles Rodr\u00edguez, vocal en representaci\u00f3n de los Empleadores, Richard G\u00f3mez, vocal en representaci\u00f3n de los Asegurados; Milena Charfuel\u00e1n, directora general del IESS, Juan Jos\u00e9 Y\u00fanez, alcalde de Samborond\u00f3n y otras autoridades nacionales y provinciales.<\/p>\n<p>En su intervenci\u00f3n, el Presidente del Consejo Directivo del IESS afirm\u00f3 que \u201chay un momento m\u00e1gico en donde vidrio, piedra, cemento y arena se transforman en una unidad hospitalaria, espacio en donde quienes lo necesiten encontrar\u00e1n cuidado y alivio en sus momentos dif\u00edciles. Aqu\u00ed la ciencia y la humanidad se encuentran para ofrecer esperanza a los enfermos\u201d, dijo. Adem\u00e1s, anunci\u00f3 que el pr\u00f3ximo proyecto es la construcci\u00f3n del Hospital de Cayambe.<\/p>\n<p>La Directora General destac\u00f3 que siete a\u00f1os han pasado para que el IESS inaugure una nueva unidad m\u00e9dica, lo que representa un hito significativo en el compromiso continuo de fortalecer y expandir los servicios del IESS.<\/p>\n<p>\u201cEstamos cumpliendo un objetivo clave para la actual administraci\u00f3n: reducir los tiempos de espera de nuestros pacientes y mejorar la accesibilidad a los servicios, lo que se traduce en mejorar su calidad de vida\u201d. Afirm\u00f3 que esta nueva unidad m\u00e9dica es el testimonio del esfuerzo conjunto y un paso m\u00e1s en la construcci\u00f3n de un sistema de salud que cuida de todos.<\/p>\n<p>El Alcalde de Samborond\u00f3n sostuvo que hoy es un d\u00eda hist\u00f3rico para este cant\u00f3n porque se priorizaron las necesidades de los pobladores y se cumple un antiguo anhelo. \u201cYa no tendr\u00e1n que desplazarse a Guayaquil para recibir atenci\u00f3n m\u00e9dica de calidad. Este es un trabajo mancomunado, hoy gana la ciudad de Samborond\u00f3n porque hemos demostrado que al trabajar unidos se hacen obras en servicio de la<br \/>\nciudadan\u00eda\u201d.<\/p>\n<p><strong>Detalles de la nueva unidad m\u00e9dica<\/strong><br \/>\nEl nuevo establecimiento de salud cubrir\u00e1 la demanda de atenci\u00f3n de los pobladores de este cant\u00f3n que no contaban con una unidad m\u00e9dica cercana; as\u00ed como la demanda insatisfecha de servicios m\u00e9dicos, especialmente en los cantones de Samborond\u00f3n, Dur\u00e1n y el norte de Guayaquil, as\u00ed como parroquias aleda\u00f1as pertenecientes al cant\u00f3n Daule.<\/p>\n<p>Se estima que su cobertura beneficie a una poblaci\u00f3n de m\u00e1s de 79 800 afiliados, beneficiarios y pensionistas al IESS, entre los que se incluyen los afiliados del Seguro Social Campesino; y de manera global a m\u00e1s de 109 250 habitantes del cant\u00f3n Samborond\u00f3n.<\/p>\n<p>Contar\u00e1 con \u00e1reas de: Urgencia, Observaci\u00f3n de corta estancia, Centro Quir\u00fargico para cirug\u00edas ambulatorias, Consulta Externa, Imagenolog\u00eda (rayos X y ultrasonido), Laboratorio Cl\u00ednico, Farmacia, Esterilizaci\u00f3n, Rehabilitaci\u00f3n y Terapia F\u00edsica.<\/p>\n<p><strong>El Dato:<\/strong><br \/>\nEl gasto promedio en el que el IESS incurrir\u00e1 por la operaci\u00f3n de este establecimiento de salud es de aproximadamente $ 10.8 millones anuales<\/p>\n","protected":false},"excerpt":{"rendered":"<p>Guayaquil.- El anhelo de m\u00e1s de 79 mil asegurados, jubilados y pensionistas del cant\u00f3n Samborond\u00f3n de acceder a servicios de salud de calidad se hizo realidad. Este 5 de febrero, gracias al trabajo conjunto del Municipio de Samborond\u00f3n y del Instituto Ecuatoriano de Seguridad Social se inaugur\u00f3 el Centro Cl\u00ednico Quir\u00fargico Ambulatorio Hospital del D\u00eda [&hellip;]<\/p>\n","protected":false},"author":2,"featured_media":23916,"comment_status":"open","ping_status":"closed","sticky":false,"template":"","format":"standard","meta":{"_jetpack_memberships_contains_paid_content":false,"footnotes":""},"categories":[13],"tags":[1961,3761],"class_list":["post-23915","post","type-post","status-publish","format-standard","has-post-thumbnail","hentry","category-noticias-nacionales","tag-instituto-ecuatoriano-de-seguridad-social","tag-municipio-de-samborondon"],"jetpack_featured_media_url":"https:\/\/radiocresatelital.com\/wp-content\/uploads\/2025\/02\/WhatsApp-Image-2025-02-05-at-15.07.37.jpeg","jetpack_sharing_enabled":true,"_links":{"self":[{"href":"https:\/\/radiocresatelital.com\/index.php?rest_route=\/wp\/v2\/posts\/23915","targetHints":{"allow":["GET"]}}],"collection":[{"href":"https:\/\/radiocresatelital.com\/index.php?rest_route=\/wp\/v2\/posts"}],"about":[{"href":"https:\/\/radiocresatelital.com\/index.php?rest_route=\/wp\/v2\/types\/post"}],"author":[{"embeddable":true,"href":"https:\/\/radiocresatelital.com\/index.php?rest_route=\/wp\/v2\/users\/2"}],"replies":[{"embeddable":true,"href":"https:\/\/radiocresatelital.com\/index.php?rest_route=%2Fwp%2Fv2%2Fcomments&post=23915"}],"version-history":[{"count":1,"href":"https:\/\/radiocresatelital.com\/index.php?rest_route=\/wp\/v2\/posts\/23915\/revisions"}],"predecessor-version":[{"id":23917,"href":"https:\/\/radiocresatelital.com\/index.php?rest_route=\/wp\/v2\/posts\/23915\/revisions\/23917"}],"wp:featuredmedia":[{"embeddable":true,"href":"https:\/\/radiocresatelital.com\/index.php?rest_route=\/wp\/v2\/media\/23916"}],"wp:attachment":[{"href":"https:\/\/radiocresatelital.com\/index.php?rest_route=%2Fwp%2Fv2%2Fmedia&parent=23915"}],"wp:term":[{"taxonomy":"category","embeddable":true,"href":"https:\/\/radiocresatelital.com\/index.php?rest_route=%2Fwp%2Fv2%2Fcategories&post=23915"},{"taxonomy":"post_tag","embeddable":true,"href":"https:\/\/radiocresatelital.com\/index.php?rest_route=%2Fwp%2Fv2%2Ftags&post=23915"}],"curies":[{"name":"wp","href":"https:\/\/api.w.org\/{rel}","templated":true}]}}