{"id":23912,"date":"2025-02-05T20:08:08","date_gmt":"2025-02-05T20:08:08","guid":{"rendered":"https:\/\/radiocresatelital.com\/?p=23912"},"modified":"2025-02-05T20:08:08","modified_gmt":"2025-02-05T20:08:08","slug":"msp-fortalece-la-vigilancia-epidemiologica-en-la-frontera-de-rumichaca","status":"publish","type":"post","link":"https:\/\/radiocresatelital.com\/?p=23912","title":{"rendered":"MSP fortalece la vigilancia epidemiol\u00f3gica en la frontera de Rumichaca"},"content":{"rendered":"<p>Rumichaca.-\u00a0El Ministerio de Salud P\u00fablica del Ecuador (MSP) -en cooperaci\u00f3n conjunta con las entidades sanitarias de Colombia y la Organizaci\u00f3n Internacional para las Migraciones (OIM)- inaugur\u00f3 la repotenciaci\u00f3n de la Oficina de Vigilancia Epidemiol\u00f3gica, ubicada en el Centro Nacional de Atenci\u00f3n Fronteriza (CENAF) en Rumichaca, provincia del Carchi.<\/p>\n<p>El punto de entrada de Rumichaca, situado en el norte del Ecuador, constituye el paso fronterizo internacional m\u00e1s concurrido en el pa\u00eds, considerando los flujos de personas en situaci\u00f3n de movilidad humana y el tr\u00e1nsito de un promedio quince mil (15.000) veh\u00edculos, diariamente.<\/p>\n<p>Las instalaciones repotenciadas fortalecer\u00e1n los servicios que brinda el MSP, garantizando una gesti\u00f3n efectiva ante las necesidades sanitarias de la zona fronteriza Ecuador-Colombia, as\u00ed como un sistema de alerta temprana para la detecci\u00f3n precoz de brotes epid\u00e9micos y enfermedades emergentes.<\/p>\n<p>La oficina cuenta con un moderno equipamiento (mobiliario e inform\u00e1tico), adquiridos a trav\u00e9s de la cooperaci\u00f3n existente con la OIM, organismo internacional que trabaja en estrecha colaboraci\u00f3n con el Gobierno ecuatoriano y otros actores clave, para garantizar una migraci\u00f3n ordenada, segura y regular.<\/p>\n<p>\u00abCon estas donaciones se asegura mantener una vigilancia epidemiol\u00f3gica fronteriza adecuada\u00bb, mencion\u00f3 Daniela Alc\u00e1ntara, jefa de la sub-oficina de OIM en Tulc\u00e1n.<\/p>\n<p>Janeth Yar, delegada del Ministro de Salud P\u00fablica, Antonio Naranjo, y directora Nacional de Vigilancia Epidemiol\u00f3gica, resalt\u00f3 que, \u00abEcuador y Colombia, a trav\u00e9s de la vigilancia epidemiol\u00f3gica, el control sanitario y la cooperaci\u00f3n internacional, trabajan en conjunto para prevenir la propagaci\u00f3n de enfermedades y garantizar la salud de la poblaci\u00f3n en ambos lados de la frontera\u00bb<\/p>\n<p>Asimismo, Javier R\u00edos, representante del Reglamento Sanitario Internacional (RSI) en Colombia, agradeci\u00f3 el trabajo de Ecuador en beneficio de los usuarios en movilidad humana. El RSI es una normativa internacional establecida por la Organizaci\u00f3n Mundial de la Salud (OMS), con la finalidad de prevenir la propagaci\u00f3n internacional de enfermedades.<\/p>\n<p>Gracias a esta importante obra, el MSP cuenta con instalaciones adecuadas que reforzar\u00e1n la prevenci\u00f3n y control de enfermedades de transmisi\u00f3n internacional, fomentando el acceso universal a la salud para toda la poblaci\u00f3n que transita por el paso fronterizo de Rumichaca<strong>,\u00a0<\/strong>como parte de los esfuerzos realizados por el Gobierno del Nuevo Ecuador para brindar atenci\u00f3n sanitaria oportuna y de calidad.<\/p>\n","protected":false},"excerpt":{"rendered":"<p>Rumichaca.-\u00a0El Ministerio de Salud P\u00fablica del Ecuador (MSP) -en cooperaci\u00f3n conjunta con las entidades sanitarias de Colombia y la Organizaci\u00f3n Internacional para las Migraciones (OIM)- inaugur\u00f3 la repotenciaci\u00f3n de la Oficina de Vigilancia Epidemiol\u00f3gica, ubicada en el Centro Nacional de Atenci\u00f3n Fronteriza (CENAF) en Rumichaca, provincia del Carchi. El punto de entrada de Rumichaca, situado [&hellip;]<\/p>\n","protected":false},"author":2,"featured_media":23913,"comment_status":"open","ping_status":"closed","sticky":false,"template":"","format":"standard","meta":{"_jetpack_memberships_contains_paid_content":false,"footnotes":""},"categories":[13],"tags":[2802],"class_list":["post-23912","post","type-post","status-publish","format-standard","has-post-thumbnail","hentry","category-noticias-nacionales","tag-ministerio-de-salud-publica-del-ecuador"],"jetpack_featured_media_url":"https:\/\/radiocresatelital.com\/wp-content\/uploads\/2025\/02\/WhatsApp-Image-2025-02-04-at-10.58.06-AM7-1536x1152-1.jpeg","jetpack_sharing_enabled":true,"_links":{"self":[{"href":"https:\/\/radiocresatelital.com\/index.php?rest_route=\/wp\/v2\/posts\/23912","targetHints":{"allow":["GET"]}}],"collection":[{"href":"https:\/\/radiocresatelital.com\/index.php?rest_route=\/wp\/v2\/posts"}],"about":[{"href":"https:\/\/radiocresatelital.com\/index.php?rest_route=\/wp\/v2\/types\/post"}],"author":[{"embeddable":true,"href":"https:\/\/radiocresatelital.com\/index.php?rest_route=\/wp\/v2\/users\/2"}],"replies":[{"embeddable":true,"href":"https:\/\/radiocresatelital.com\/index.php?rest_route=%2Fwp%2Fv2%2Fcomments&post=23912"}],"version-history":[{"count":1,"href":"https:\/\/radiocresatelital.com\/index.php?rest_route=\/wp\/v2\/posts\/23912\/revisions"}],"predecessor-version":[{"id":23914,"href":"https:\/\/radiocresatelital.com\/index.php?rest_route=\/wp\/v2\/posts\/23912\/revisions\/23914"}],"wp:featuredmedia":[{"embeddable":true,"href":"https:\/\/radiocresatelital.com\/index.php?rest_route=\/wp\/v2\/media\/23913"}],"wp:attachment":[{"href":"https:\/\/radiocresatelital.com\/index.php?rest_route=%2Fwp%2Fv2%2Fmedia&parent=23912"}],"wp:term":[{"taxonomy":"category","embeddable":true,"href":"https:\/\/radiocresatelital.com\/index.php?rest_route=%2Fwp%2Fv2%2Fcategories&post=23912"},{"taxonomy":"post_tag","embeddable":true,"href":"https:\/\/radiocresatelital.com\/index.php?rest_route=%2Fwp%2Fv2%2Ftags&post=23912"}],"curies":[{"name":"wp","href":"https:\/\/api.w.org\/{rel}","templated":true}]}}