{"id":239,"date":"2023-06-22T21:35:00","date_gmt":"2023-06-22T21:35:00","guid":{"rendered":"https:\/\/radiocresatelital.com\/?p=239"},"modified":"2023-06-22T21:36:18","modified_gmt":"2023-06-22T21:36:18","slug":"boseo-se-mantiene-en-olimpiadas-pese-a-expulsion-de-iba","status":"publish","type":"post","link":"https:\/\/radiocresatelital.com\/?p=239","title":{"rendered":"Boxeo se mantiene en Olimpiadas pese a expulsi\u00f3n de IBA"},"content":{"rendered":"<p>Lausana.- El Comit\u00e9 Ol\u00edmpico Internacional (COI) ha revalidado la condena por la invasi\u00f3n que ha sufrido Ucrania por parte de Rusia y mantuvo al boxeo en el programa de las Olimp\u00edadas pese a haber decidido la expulsi\u00f3n de la Asociaci\u00f3n Internacional de Boxeo (IBA).<\/p>\n<p>\u00abEstamos unidos por el inter\u00e9s de los atletas. Dan vida a nuestros valores. Nuestra indignaci\u00f3n por esta guerra brutal, nuestra compasi\u00f3n por el sufrimiento humano y nuestra solidaridad con la comunidad ol\u00edmpica ucraniana permanecen m\u00e1s fuertes que nunca\u00bb, enfatiz\u00f3 el titular del COI, el alem\u00e1n Thomas Bach.<\/p>\n<p>Las autoridades del COI se reunieron en Lausana para celebrar la sesi\u00f3n n\u00famero 140 de la entidad, donde Bach aport\u00f3 una actualizaci\u00f3n respecto del impacto de la invasi\u00f3n rusa con el apoyo de Bielorrusia y sus consecuencias para el movimiento ol\u00edmpico.<\/p>\n<p>Bach expuso luego la importancia del rol del deporte para contribuir a la paz y a la unidad y renov\u00f3 el apoyo a \u00abla posici\u00f3n del G7 y la alineaci\u00f3n de esta posici\u00f3n con el apoyo del COI, que pretende admitir en los Juegos Ol\u00edmpicos de Par\u00eds a atletas rusos y bielorrusos, neutrales y sin bandera.<\/p>\n<p>\u00abEn pleno respeto de la autonom\u00eda de las organizaciones deportivas, nos enfocamos en el deporte como leal competencia, adem\u00e1s de garantizar que los atletas rusos y bielorrusos puedan aparecer de alguna manera como representantes de sus estados\u00bb, agreg\u00f3 Bach, citando la declaraci\u00f3n final de la reciente cumbre del G7 en Hiroshima.<\/p>\n<p>El presidente del COI, que hab\u00eda sugerido a las federaciones aceptar la presencia de atletas rusos y bielorrusos en competencias individuales sin bandera ni uniformes de sus pa\u00edses, subray\u00f3 que se trata \u00abexactamente de nuestra posici\u00f3n y agradec\u00ed a los l\u00edderes del G7 por su gran apoyo\u00bb.<\/p>\n<p>\u00abTenemos entonces una s\u00f3lida base para proteger al atleta. Tenemos una s\u00f3lida base para nuestra misi\u00f3n de unir a todo el mundo en una competencia pac\u00edfica. Tenemos una fuerte base de apoyo para nuestra unidad. Desde el primer momento estamos juntos en esto\u00bb, resalt\u00f3 Bach.<\/p>\n<p>Por otra parte, el COI retir\u00f3 el reconocimiento a la IBA, pero aclar\u00f3 que el boxeo seguir\u00e1 en el programa de Par\u00eds 2024 y de Los \u00c1ngeles 2028 para mantener la presencia que comenz\u00f3 en la edici\u00f3n de San Luis 1904.<\/p>\n<p>El consejo ejecutivo del COI defini\u00f3 con 69 votos a favor, 1 en contra y 10 abstenciones la expulsi\u00f3n de la IBA del movimiento ol\u00edmpico.<\/p>\n<p>Esta decisi\u00f3n resuelve un conflicto de cuatro a\u00f1os entre el COI y los directivos de la IBA, que hab\u00eda sido suspendida en 2019 por diversos esc\u00e1ndalos de corrupci\u00f3n, mientras que su presidente, el ruso Umar Kremlev, fue cuestionado por su mandato y problemas respecto a la transparencia financiera.<\/p>\n<p>\u00abEl COI busc\u00f3 contante y pacientemente ayudar a la IBA en las tres \u00e1reas cr\u00edticas. Hubo una constante falta de cambios dr\u00e1sticos durante muchos a\u00f1os. Es una situaci\u00f3n sin retorno\u00bb, cuestion\u00f3 el director general del COI, Christophe De Kepper.<\/p>\n<p>La IBA, a diferencia de muchos otros organismos deportivos internacionales, permite la presencia de representantes rusos y bielorrusos, lo cual provoc\u00f3 que Ucrania y otros pa\u00edses desertaran de competencias organizadas por la entidad.<\/p>\n","protected":false},"excerpt":{"rendered":"<p>Lausana.- El Comit\u00e9 Ol\u00edmpico Internacional (COI) ha revalidado la condena por la invasi\u00f3n que ha sufrido Ucrania por parte de Rusia y mantuvo al boxeo en el programa de las Olimp\u00edadas pese a haber decidido la expulsi\u00f3n de la Asociaci\u00f3n Internacional de Boxeo (IBA). \u00abEstamos unidos por el inter\u00e9s de los atletas. Dan vida a [&hellip;]<\/p>\n","protected":false},"author":2,"featured_media":240,"comment_status":"open","ping_status":"closed","sticky":false,"template":"","format":"standard","meta":{"_jetpack_memberships_contains_paid_content":false,"footnotes":""},"categories":[61,59],"tags":[62],"class_list":["post-239","post","type-post","status-publish","format-standard","has-post-thumbnail","hentry","category-boxeo","category-deporte-internacional","tag-coi"],"jetpack_featured_media_url":"https:\/\/radiocresatelital.com\/wp-content\/uploads\/2023\/06\/3a72d431aad6a4d94ca788e71b3bfc97.jpg","jetpack_sharing_enabled":true,"_links":{"self":[{"href":"https:\/\/radiocresatelital.com\/index.php?rest_route=\/wp\/v2\/posts\/239","targetHints":{"allow":["GET"]}}],"collection":[{"href":"https:\/\/radiocresatelital.com\/index.php?rest_route=\/wp\/v2\/posts"}],"about":[{"href":"https:\/\/radiocresatelital.com\/index.php?rest_route=\/wp\/v2\/types\/post"}],"author":[{"embeddable":true,"href":"https:\/\/radiocresatelital.com\/index.php?rest_route=\/wp\/v2\/users\/2"}],"replies":[{"embeddable":true,"href":"https:\/\/radiocresatelital.com\/index.php?rest_route=%2Fwp%2Fv2%2Fcomments&post=239"}],"version-history":[{"count":2,"href":"https:\/\/radiocresatelital.com\/index.php?rest_route=\/wp\/v2\/posts\/239\/revisions"}],"predecessor-version":[{"id":242,"href":"https:\/\/radiocresatelital.com\/index.php?rest_route=\/wp\/v2\/posts\/239\/revisions\/242"}],"wp:featuredmedia":[{"embeddable":true,"href":"https:\/\/radiocresatelital.com\/index.php?rest_route=\/wp\/v2\/media\/240"}],"wp:attachment":[{"href":"https:\/\/radiocresatelital.com\/index.php?rest_route=%2Fwp%2Fv2%2Fmedia&parent=239"}],"wp:term":[{"taxonomy":"category","embeddable":true,"href":"https:\/\/radiocresatelital.com\/index.php?rest_route=%2Fwp%2Fv2%2Fcategories&post=239"},{"taxonomy":"post_tag","embeddable":true,"href":"https:\/\/radiocresatelital.com\/index.php?rest_route=%2Fwp%2Fv2%2Ftags&post=239"}],"curies":[{"name":"wp","href":"https:\/\/api.w.org\/{rel}","templated":true}]}}