{"id":23832,"date":"2025-02-03T19:46:40","date_gmt":"2025-02-03T19:46:40","guid":{"rendered":"https:\/\/radiocresatelital.com\/?p=23832"},"modified":"2025-02-03T21:48:44","modified_gmt":"2025-02-03T21:48:44","slug":"en-marcha-hacia-la-sostenibilidad-liderando-la-transicion-a-la-movilidad-electrica","status":"publish","type":"post","link":"https:\/\/radiocresatelital.com\/?p=23832","title":{"rendered":"En marcha hacia la sostenibilidad: liderando la transici\u00f3n a la movilidad el\u00e9ctrica"},"content":{"rendered":"<p>Quito.- Con el prop\u00f3sito de impulsar un futuro sostenible y fomentar el uso de energ\u00eda limpia, Grupo Entregas, J3M y la AEADE (Asociaci\u00f3n de Empresas Automotrices del Ecuador) se unieron en un evento \u00fanico que marca un hito en la movilidad sostenible en el pa\u00eds. Este encuentro tuvo como objetivo acelerar la adopci\u00f3n de estrategias de movilidad el\u00e9ctrica en las empresas ecuatorianas y reafirmar el compromiso con el medio ambiente.<\/p>\n<p>El evento se llev\u00f3 a cabo el jueves 30 de enero a las 10:00 en las oficinas de Grupo Entregas y cont\u00f3 con la participaci\u00f3n de destacados l\u00edderes empresariales comprometidos con la sostenibilidad: Juan Jos\u00e9 Abad (Director de la AEADE), Mar\u00eda Paulina Romo (Presidenta de Grupo Entregas) y Juan Jos\u00e9 del Valle (Director de J3M). Cabe destacar que estas empresas cuentan con la certificaci\u00f3n de Empresas B y forman parte del programa Ecuador Carbono Cero.<\/p>\n<p>A trav\u00e9s de ponencias y mesas de trabajo, los participantes compartieron buenas pr\u00e1cticas, estrategias y consejos pr\u00e1cticos para que m\u00e1s organizaciones avancen hacia la electrificaci\u00f3n de sus flotas vehiculares.<\/p>\n<p>Se presentaron los resultados obtenidos por Grupo Entregas desde la ejecuci\u00f3n de iniciativas de movilidad sostenible, destacando una reducci\u00f3n del 30% en su huella de carbono y un total de 28.81 toneladas de CO2 evitadas gracias al uso de paneles solares, entre otras medidas.<\/p>\n<p>Como complemento, se organiz\u00f3 una exhibici\u00f3n interactiva con demostraciones de veh\u00edculos el\u00e9ctricos, permitiendo a los asistentes experimentar los beneficios de la movilidad sin emisiones y conocer las marcas l\u00edderes en este sector.<\/p>\n<p>Adem\u00e1s, los asistentes realizaron un recorrido por las instalaciones de Grupo Entregas, donde se presentaron las soluciones y la infraestructura sostenible que respaldan sus operaciones eficientes y responsables.<\/p>\n<p>Este evento represent\u00f3 un paso significativo en la lucha contra el cambio clim\u00e1tico, destacando la importancia de adoptar soluciones limpias y responsables dentro del \u00e1mbito empresarial. La transici\u00f3n hacia la movilidad el\u00e9ctrica no solo promueve la sostenibilidad, sino que tambi\u00e9n contribuye al desarrollo de un Ecuador m\u00e1s resiliente y comprometido con el medio ambiente.<\/p>\n","protected":false},"excerpt":{"rendered":"<p>Quito.- Con el prop\u00f3sito de impulsar un futuro sostenible y fomentar el uso de energ\u00eda limpia, Grupo Entregas, J3M y la AEADE (Asociaci\u00f3n de Empresas Automotrices del Ecuador) se unieron en un evento \u00fanico que marca un hito en la movilidad sostenible en el pa\u00eds. Este encuentro tuvo como objetivo acelerar la adopci\u00f3n de estrategias [&hellip;]<\/p>\n","protected":false},"author":2,"featured_media":23833,"comment_status":"open","ping_status":"closed","sticky":false,"template":"","format":"standard","meta":{"_jetpack_memberships_contains_paid_content":false,"footnotes":""},"categories":[13],"tags":[3748],"class_list":["post-23832","post","type-post","status-publish","format-standard","has-post-thumbnail","hentry","category-noticias-nacionales","tag-asociacion-de-empresas-automotrices-del-ecuador"],"jetpack_featured_media_url":"https:\/\/radiocresatelital.com\/wp-content\/uploads\/2025\/02\/IMG_2018-scaled.jpg","jetpack_sharing_enabled":true,"_links":{"self":[{"href":"https:\/\/radiocresatelital.com\/index.php?rest_route=\/wp\/v2\/posts\/23832","targetHints":{"allow":["GET"]}}],"collection":[{"href":"https:\/\/radiocresatelital.com\/index.php?rest_route=\/wp\/v2\/posts"}],"about":[{"href":"https:\/\/radiocresatelital.com\/index.php?rest_route=\/wp\/v2\/types\/post"}],"author":[{"embeddable":true,"href":"https:\/\/radiocresatelital.com\/index.php?rest_route=\/wp\/v2\/users\/2"}],"replies":[{"embeddable":true,"href":"https:\/\/radiocresatelital.com\/index.php?rest_route=%2Fwp%2Fv2%2Fcomments&post=23832"}],"version-history":[{"count":1,"href":"https:\/\/radiocresatelital.com\/index.php?rest_route=\/wp\/v2\/posts\/23832\/revisions"}],"predecessor-version":[{"id":23834,"href":"https:\/\/radiocresatelital.com\/index.php?rest_route=\/wp\/v2\/posts\/23832\/revisions\/23834"}],"wp:featuredmedia":[{"embeddable":true,"href":"https:\/\/radiocresatelital.com\/index.php?rest_route=\/wp\/v2\/media\/23833"}],"wp:attachment":[{"href":"https:\/\/radiocresatelital.com\/index.php?rest_route=%2Fwp%2Fv2%2Fmedia&parent=23832"}],"wp:term":[{"taxonomy":"category","embeddable":true,"href":"https:\/\/radiocresatelital.com\/index.php?rest_route=%2Fwp%2Fv2%2Fcategories&post=23832"},{"taxonomy":"post_tag","embeddable":true,"href":"https:\/\/radiocresatelital.com\/index.php?rest_route=%2Fwp%2Fv2%2Ftags&post=23832"}],"curies":[{"name":"wp","href":"https:\/\/api.w.org\/{rel}","templated":true}]}}