{"id":23793,"date":"2025-02-02T03:17:23","date_gmt":"2025-02-02T03:17:23","guid":{"rendered":"https:\/\/radiocresatelital.com\/?p=23793"},"modified":"2025-02-02T03:17:23","modified_gmt":"2025-02-02T03:17:23","slug":"48-familias-de-balzar-y-el-empalme-ahora-cuentan-con-su-casa-nueva","status":"publish","type":"post","link":"https:\/\/radiocresatelital.com\/?p=23793","title":{"rendered":"48 familias de Balzar y El Empalme ahora cuentan con su casa nueva"},"content":{"rendered":"<div class=\"row\">\n<section id=\"postcontent\" class=\"col-md-9 col-sm-6 line-right\">\n<p class=\"s7\"><span class=\"s10\"><span class=\"bumpedFont15\">Guayaquil<\/span><\/span><span class=\"s10\"><span class=\"bumpedFont15\">. \u2013<\/span><\/span><span class=\"s11\"><span class=\"bumpedFont15\">\u00a0El Ministerio de Desarrollo Urbano y Vivienda (M<\/span><\/span><span class=\"s11\"><span class=\"bumpedFont15\">iduvi<\/span><\/span><span class=\"s11\"><span class=\"bumpedFont15\">), liderado por el\u00a0<\/span><\/span><span class=\"s11\"><span class=\"bumpedFont15\">m<\/span><\/span><span class=\"s11\"><span class=\"bumpedFont15\">inistro Humberto Plaza, realiz\u00f3 hoy la entrega oficial de 34 viviendas en Balzar y 14 viviendas en El Empalme, en la provincia del Guayas, como parte de los esfuerzos\u00a0<\/span><\/span><span class=\"s11\"><span class=\"bumpedFont15\">que realiza\u00a0<\/span><\/span><span class=\"s11\"><span class=\"bumpedFont15\">el gobierno para mejorar las condiciones de vida de los ciudadanos y fomentar el desarrollo habitacional en las comunidades rurales.<\/span><\/span><\/p>\n<p class=\"s12\"><span class=\"s11\"><span class=\"bumpedFont15\">El\u00a0<\/span><\/span><span class=\"s11\"><span class=\"bumpedFont15\">m<\/span><\/span><span class=\"s11\"><span class=\"bumpedFont15\">inistro Plaza, acompa\u00f1ado de autoridades locales y beneficiarios, expres\u00f3 su satisfacci\u00f3n por la culminaci\u00f3n de estos proyectos que impactan de manera directa a familias que, desde ahora, disfrutar\u00e1n de un hogar digno y seguro. \u00abEste es un paso importante para el desarrollo de nuestras comunidades, y hoy estamos entregando no solo viviendas, sino tambi\u00e9n esperanza y oportunidades para quienes m\u00e1s lo necesitan\u00bb, se\u00f1al\u00f3.<\/span><\/span><\/p>\n<p class=\"s12\"><span class=\"s11\"><span class=\"bumpedFont15\">\u00abDe parte de m\u00ed y mis compa\u00f1eros beneficiarios de las casas del Miduvi, les agradecemos de coraz\u00f3n. Gracias a ustedes ahora tenemos un techo, podemos vivir bien. Soy mam\u00e1 de dos ni\u00f1os con discapacidad y ya no vivo alquilada ni con vecina. Gracias a Dios y a ustedes por darnos un hogar<\/span><\/span><span class=\"s11\"><span class=\"bumpedFont15\">\u201d, expres\u00f3 Ver\u00f3nica Palacios, beneficiaria que recibi\u00f3 su vivienda por parte del ministro Humberto Plaza.<\/span><\/span><\/p>\n<p class=\"s12\"><span class=\"s11\"><span class=\"bumpedFont15\">Las viviendas<\/span><\/span><span class=\"s11\"><span class=\"bumpedFont15\">\u00a0construidas en terreno propio del beneficiario,<\/span><\/span><span class=\"s11\"><span class=\"bumpedFont15\">\u00a0forman parte de un esfuerzo continuo de<\/span><\/span><span class=\"s11\"><span class=\"bumpedFont15\">\u00a0esta cartera de Estado<\/span><\/span><span class=\"s11\"><span class=\"bumpedFont15\">\u00a0para asegurar que m\u00e1s ecuatorianos tengan acceso a soluciones habitacionales adecuadas, en el marco de la pol\u00edtica p\u00fablica del gobierno para promover el bienestar social y\u00a0<\/span><\/span><span class=\"s11\"><span class=\"bumpedFont15\">dar<\/span><\/span><span class=\"s11\"><span class=\"bumpedFont15\">\u00a0dignidad de las familias ecuatorianas<\/span><\/span><span class=\"s11\"><span class=\"bumpedFont15\">.<\/span><\/span><\/p>\n<p class=\"s12\"><span class=\"s11\"><span class=\"bumpedFont15\">Las familias beneficiadas, que\u00a0<\/span><\/span><span class=\"s11\"><span class=\"bumpedFont15\">antes<\/span><\/span><span class=\"s11\"><span class=\"bumpedFont15\">\u00a0viv\u00edan en condiciones precarias, recibieron con entusiasmo sus nuevos hogares, lo que marca un cambio significativo en su calidad de vida. Los proyectos han sido posibles gracias al trabajo conjunto entre el gobierno nacional, los gobiernos locales y la ciudadan\u00eda.<\/span><\/span><\/p>\n<p class=\"s12\"><span class=\"s11\"><span class=\"bumpedFont15\">El M<\/span><\/span><span class=\"s11\"><span class=\"bumpedFont15\">iduvi<\/span><\/span>\u00a0<span class=\"s11\"><span class=\"bumpedFont15\">mantiene<\/span><\/span><span class=\"s11\"><span class=\"bumpedFont15\">\u00a0su compromiso\u00a0<\/span><\/span><span class=\"s11\"><span class=\"bumpedFont15\">de ejecuci\u00f3n<\/span><\/span><span class=\"s11\"><span class=\"bumpedFont15\">\u00a0para lograr su objetivo de entregar<\/span><\/span><span class=\"s11\"><span class=\"bumpedFont15\">\u00a0durante estos dos primeros meses del a\u00f1o, 1100 viviendas, 64<\/span><\/span><span class=\"s11\"><span class=\"bumpedFont15\">0<\/span><\/span><span class=\"s11\"><span class=\"bumpedFont15\">\u00a0t\u00edtulos de propiedad y 5 zonas inclusivas en partes del pa\u00eds,\u00a0<\/span><\/span><span class=\"s11\"><span class=\"bumpedFont15\">llevando soluciones habitacionales a m\u00e1s ecuatorianos en situaci\u00f3n de vulnerabilidad.<\/span><\/span><\/p>\n<\/section>\n<\/div>\n","protected":false},"excerpt":{"rendered":"<p>Guayaquil. \u2013\u00a0El Ministerio de Desarrollo Urbano y Vivienda (Miduvi), liderado por el\u00a0ministro Humberto Plaza, realiz\u00f3 hoy la entrega oficial de 34 viviendas en Balzar y 14 viviendas en El Empalme, en la provincia del Guayas, como parte de los esfuerzos\u00a0que realiza\u00a0el gobierno para mejorar las condiciones de vida de los ciudadanos y fomentar el desarrollo [&hellip;]<\/p>\n","protected":false},"author":2,"featured_media":23794,"comment_status":"open","ping_status":"closed","sticky":false,"template":"","format":"standard","meta":{"_jetpack_memberships_contains_paid_content":false,"footnotes":""},"categories":[13],"tags":[2847],"class_list":["post-23793","post","type-post","status-publish","format-standard","has-post-thumbnail","hentry","category-noticias-nacionales","tag-ministerio-de-desarrollo-urbano-y-vivienda"],"jetpack_featured_media_url":"https:\/\/radiocresatelital.com\/wp-content\/uploads\/2025\/02\/Canas-4.jpg","jetpack_sharing_enabled":true,"_links":{"self":[{"href":"https:\/\/radiocresatelital.com\/index.php?rest_route=\/wp\/v2\/posts\/23793","targetHints":{"allow":["GET"]}}],"collection":[{"href":"https:\/\/radiocresatelital.com\/index.php?rest_route=\/wp\/v2\/posts"}],"about":[{"href":"https:\/\/radiocresatelital.com\/index.php?rest_route=\/wp\/v2\/types\/post"}],"author":[{"embeddable":true,"href":"https:\/\/radiocresatelital.com\/index.php?rest_route=\/wp\/v2\/users\/2"}],"replies":[{"embeddable":true,"href":"https:\/\/radiocresatelital.com\/index.php?rest_route=%2Fwp%2Fv2%2Fcomments&post=23793"}],"version-history":[{"count":1,"href":"https:\/\/radiocresatelital.com\/index.php?rest_route=\/wp\/v2\/posts\/23793\/revisions"}],"predecessor-version":[{"id":23795,"href":"https:\/\/radiocresatelital.com\/index.php?rest_route=\/wp\/v2\/posts\/23793\/revisions\/23795"}],"wp:featuredmedia":[{"embeddable":true,"href":"https:\/\/radiocresatelital.com\/index.php?rest_route=\/wp\/v2\/media\/23794"}],"wp:attachment":[{"href":"https:\/\/radiocresatelital.com\/index.php?rest_route=%2Fwp%2Fv2%2Fmedia&parent=23793"}],"wp:term":[{"taxonomy":"category","embeddable":true,"href":"https:\/\/radiocresatelital.com\/index.php?rest_route=%2Fwp%2Fv2%2Fcategories&post=23793"},{"taxonomy":"post_tag","embeddable":true,"href":"https:\/\/radiocresatelital.com\/index.php?rest_route=%2Fwp%2Fv2%2Ftags&post=23793"}],"curies":[{"name":"wp","href":"https:\/\/api.w.org\/{rel}","templated":true}]}}