{"id":23784,"date":"2025-01-31T23:38:49","date_gmt":"2025-01-31T23:38:49","guid":{"rendered":"https:\/\/radiocresatelital.com\/?p=23784"},"modified":"2025-01-31T23:38:49","modified_gmt":"2025-01-31T23:38:49","slug":"2672-beneficiarios-cumpliran-el-sueno-de-tener-su-casa-propia-en-el-proyecto-habitacional-sueno-guayaquileno","status":"publish","type":"post","link":"https:\/\/radiocresatelital.com\/?p=23784","title":{"rendered":"2672 beneficiarios cumplir\u00e1n el sue\u00f1o de tener su casa propia en el Proyecto Habitacional Sue\u00f1o Guayaquile\u00f1o"},"content":{"rendered":"<p>Guayaquil.-\u00a0Con alegr\u00eda y esperanza, 668 familias guayaquile\u00f1as recibir\u00e1n su vivienda este lunes 3 de febrero, como parte del Proyecto Habitacional \u201cSue\u00f1o Guayaquile\u00f1o\u201d, una obra recuperada por el Gobierno Nacional, a trav\u00e9s del Ministerio de Desarrollo Urbano y Vivienda (Miduvi).<\/p>\n<p>Este proyecto ubicado al norte de la Perla del Pac\u00edfico, permaneci\u00f3 paralizado desde el 4 de julio de 2023 y gracias al compromiso de la actual administraci\u00f3n, hoy, es una realidad que brinda dignidad y bienestar a las familias guayaquile\u00f1as.<\/p>\n<p>El ministro de Desarrollo Urbano y Vivienda, Humberto Plaza, destac\u00f3 la importancia de culminar obras inconclusas y devolver la esperanza a las familias ecuatorianas: \u00abEste proyecto qued\u00f3 en el olvido durante a\u00f1os, pero hoy estamos cumpliendo con las familias guayaquile\u00f1as. La vivienda es un derecho y un pilar fundamental para el desarrollo de nuestro pa\u00eds. Seguiremos trabajando para que m\u00e1s ecuatorianos accedan a un hogar digno y seguro.\u00bb<\/p>\n<p>Con alegr\u00eda, Iliana Merch\u00e1n, beneficiaria de este proyecto dijo: \u201cAgradezco por este sue\u00f1o cumplido, por entregarme una vivienda de calidad, con los servicios b\u00e1sicos y \u00f3ptimos para vivir con mi familia, esto demuestra que si podemos so\u00f1ar los ecuatorianos\u201d.<\/p>\n<p>Las autoridades del Miduvi anuncian a la ciudadan\u00eda la inauguraci\u00f3n oficial del proyecto el lunes 3 de febrero del presente a\u00f1o, con la presencia de los beneficiarios y autoridades nacionales y locales. Este evento dar\u00e1 realce a este logro que simboliza el esfuerzo conjunto por construir un futuro mejor para Guayaquil y el Ecuador.<\/p>\n","protected":false},"excerpt":{"rendered":"<p>Guayaquil.-\u00a0Con alegr\u00eda y esperanza, 668 familias guayaquile\u00f1as recibir\u00e1n su vivienda este lunes 3 de febrero, como parte del Proyecto Habitacional \u201cSue\u00f1o Guayaquile\u00f1o\u201d, una obra recuperada por el Gobierno Nacional, a trav\u00e9s del Ministerio de Desarrollo Urbano y Vivienda (Miduvi). Este proyecto ubicado al norte de la Perla del Pac\u00edfico, permaneci\u00f3 paralizado desde el 4 de [&hellip;]<\/p>\n","protected":false},"author":2,"featured_media":23785,"comment_status":"open","ping_status":"closed","sticky":false,"template":"","format":"standard","meta":{"_jetpack_memberships_contains_paid_content":false,"footnotes":""},"categories":[33,13],"tags":[2847,3744],"class_list":["post-23784","post","type-post","status-publish","format-standard","has-post-thumbnail","hentry","category-guayaquil","category-noticias-nacionales","tag-ministerio-de-desarrollo-urbano-y-vivienda","tag-proyecto-habitacional-sueno-guayaquileno"],"jetpack_featured_media_url":"https:\/\/radiocresatelital.com\/wp-content\/uploads\/2025\/01\/WhatsApp-Image-2025-01-31-at-10.54.07-AM-1536x1179-1.jpeg","jetpack_sharing_enabled":true,"_links":{"self":[{"href":"https:\/\/radiocresatelital.com\/index.php?rest_route=\/wp\/v2\/posts\/23784","targetHints":{"allow":["GET"]}}],"collection":[{"href":"https:\/\/radiocresatelital.com\/index.php?rest_route=\/wp\/v2\/posts"}],"about":[{"href":"https:\/\/radiocresatelital.com\/index.php?rest_route=\/wp\/v2\/types\/post"}],"author":[{"embeddable":true,"href":"https:\/\/radiocresatelital.com\/index.php?rest_route=\/wp\/v2\/users\/2"}],"replies":[{"embeddable":true,"href":"https:\/\/radiocresatelital.com\/index.php?rest_route=%2Fwp%2Fv2%2Fcomments&post=23784"}],"version-history":[{"count":1,"href":"https:\/\/radiocresatelital.com\/index.php?rest_route=\/wp\/v2\/posts\/23784\/revisions"}],"predecessor-version":[{"id":23786,"href":"https:\/\/radiocresatelital.com\/index.php?rest_route=\/wp\/v2\/posts\/23784\/revisions\/23786"}],"wp:featuredmedia":[{"embeddable":true,"href":"https:\/\/radiocresatelital.com\/index.php?rest_route=\/wp\/v2\/media\/23785"}],"wp:attachment":[{"href":"https:\/\/radiocresatelital.com\/index.php?rest_route=%2Fwp%2Fv2%2Fmedia&parent=23784"}],"wp:term":[{"taxonomy":"category","embeddable":true,"href":"https:\/\/radiocresatelital.com\/index.php?rest_route=%2Fwp%2Fv2%2Fcategories&post=23784"},{"taxonomy":"post_tag","embeddable":true,"href":"https:\/\/radiocresatelital.com\/index.php?rest_route=%2Fwp%2Fv2%2Ftags&post=23784"}],"curies":[{"name":"wp","href":"https:\/\/api.w.org\/{rel}","templated":true}]}}