{"id":23781,"date":"2025-01-31T23:36:23","date_gmt":"2025-01-31T23:36:23","guid":{"rendered":"https:\/\/radiocresatelital.com\/?p=23781"},"modified":"2025-01-31T23:36:23","modified_gmt":"2025-01-31T23:36:23","slug":"concejo-aprobo-extension-de-plazo-para-liquidacion-y-extincion-de-empresa-publica-municipal-de-vivienda","status":"publish","type":"post","link":"https:\/\/radiocresatelital.com\/?p=23781","title":{"rendered":"Concejo aprob\u00f3 extensi\u00f3n de plazo para liquidaci\u00f3n y extinci\u00f3n de Empresa P\u00fablica Municipal de Vivienda"},"content":{"rendered":"<p>Guayaquil.- El Concejo Municipal, liderado por la Alcaldesa subrogante Blanca L\u00f3pez, aprob\u00f3 la ampliaci\u00f3n del plazo para la liquidaci\u00f3n y extinci\u00f3n de la Empresa P\u00fablica Municipal de Vivienda en el cant\u00f3n Guayaquil. Lo hizo durante la sesi\u00f3n desarrollada la tarde de este viernes 31 de enero.<\/p>\n<p>Con ello, el nuevo periodo ser\u00e1 hasta el pr\u00f3ximo 31 de marzo, tiempo estimado para concluir los procesos administrativos, financieros, t\u00e9cnicos y otros de diversos \u00edndole estipulados en la tercera reforma a la Ordenanza que regula la liquidaci\u00f3n.<\/p>\n<p>Adem\u00e1s, el cuerpo edilicio aprob\u00f3 una resoluci\u00f3n para mejorar la calidad de parqueos en el Parque Samanes. La concejala Juana Montero, refiri\u00f3 que este tipo de convenios significan el ahorro en recursos humanos, en la adquisici\u00f3n de materiales y tecnolog\u00eda con la finalidad de brindar mejores servicios en<br \/>\nseguridad, orden y control.<\/p>\n<p>\u201cHa habido muchos robos, denuncias sobre ellos (\u2026) se est\u00e1 haciendo lo mejor para los ciudadanos, creemos que pagar USD 0,50, en ning\u00fan pa\u00eds de Latinoam\u00e9rica tiene este costo, es bastante bajo para los ciudadanos teniendo en cuenta que tendremos mucha seguridad, habr\u00e1 luces, garitas\u201d, afirm\u00f3.<\/p>\n<p>Finalmente, el Concejo aprob\u00f3 la adjudicaci\u00f3n de 9 inmuebles ubicados dentro del Plan Habitacional \u2018Mi Lote 2B\u2019.<\/p>\n","protected":false},"excerpt":{"rendered":"<p>Guayaquil.- El Concejo Municipal, liderado por la Alcaldesa subrogante Blanca L\u00f3pez, aprob\u00f3 la ampliaci\u00f3n del plazo para la liquidaci\u00f3n y extinci\u00f3n de la Empresa P\u00fablica Municipal de Vivienda en el cant\u00f3n Guayaquil. Lo hizo durante la sesi\u00f3n desarrollada la tarde de este viernes 31 de enero. Con ello, el nuevo periodo ser\u00e1 hasta el pr\u00f3ximo [&hellip;]<\/p>\n","protected":false},"author":2,"featured_media":23782,"comment_status":"open","ping_status":"closed","sticky":false,"template":"","format":"standard","meta":{"_jetpack_memberships_contains_paid_content":false,"footnotes":""},"categories":[33,13],"tags":[3743,2157],"class_list":["post-23781","post","type-post","status-publish","format-standard","has-post-thumbnail","hentry","category-guayaquil","category-noticias-nacionales","tag-alcaldesa-subrogante-blanca-lopez","tag-concejo-municipal"],"jetpack_featured_media_url":"https:\/\/radiocresatelital.com\/wp-content\/uploads\/2025\/01\/concejo-aprobo-extension-plazo-liquidacion-extincion-empresa-publica-municipal-vivienda1.jpg","jetpack_sharing_enabled":true,"_links":{"self":[{"href":"https:\/\/radiocresatelital.com\/index.php?rest_route=\/wp\/v2\/posts\/23781","targetHints":{"allow":["GET"]}}],"collection":[{"href":"https:\/\/radiocresatelital.com\/index.php?rest_route=\/wp\/v2\/posts"}],"about":[{"href":"https:\/\/radiocresatelital.com\/index.php?rest_route=\/wp\/v2\/types\/post"}],"author":[{"embeddable":true,"href":"https:\/\/radiocresatelital.com\/index.php?rest_route=\/wp\/v2\/users\/2"}],"replies":[{"embeddable":true,"href":"https:\/\/radiocresatelital.com\/index.php?rest_route=%2Fwp%2Fv2%2Fcomments&post=23781"}],"version-history":[{"count":1,"href":"https:\/\/radiocresatelital.com\/index.php?rest_route=\/wp\/v2\/posts\/23781\/revisions"}],"predecessor-version":[{"id":23783,"href":"https:\/\/radiocresatelital.com\/index.php?rest_route=\/wp\/v2\/posts\/23781\/revisions\/23783"}],"wp:featuredmedia":[{"embeddable":true,"href":"https:\/\/radiocresatelital.com\/index.php?rest_route=\/wp\/v2\/media\/23782"}],"wp:attachment":[{"href":"https:\/\/radiocresatelital.com\/index.php?rest_route=%2Fwp%2Fv2%2Fmedia&parent=23781"}],"wp:term":[{"taxonomy":"category","embeddable":true,"href":"https:\/\/radiocresatelital.com\/index.php?rest_route=%2Fwp%2Fv2%2Fcategories&post=23781"},{"taxonomy":"post_tag","embeddable":true,"href":"https:\/\/radiocresatelital.com\/index.php?rest_route=%2Fwp%2Fv2%2Ftags&post=23781"}],"curies":[{"name":"wp","href":"https:\/\/api.w.org\/{rel}","templated":true}]}}