{"id":23709,"date":"2025-01-30T21:45:22","date_gmt":"2025-01-30T21:45:22","guid":{"rendered":"https:\/\/radiocresatelital.com\/?p=23709"},"modified":"2025-01-30T21:45:22","modified_gmt":"2025-01-30T21:45:22","slug":"ant-desplaza-brigadas-para-emision-de-licencias-en-cantones-de-galapagos-y-bolivar","status":"publish","type":"post","link":"https:\/\/radiocresatelital.com\/?p=23709","title":{"rendered":"ANT desplaza brigadas para emisi\u00f3n de licencias en cantones de Gal\u00e1pagos y Bol\u00edvar"},"content":{"rendered":"<p>Quito. \u2013\u00a0Como parte de la pol\u00edtica de la Agencia Nacional de Tr\u00e1nsito (ANT) de mejorar los servicios y generar cercan\u00eda a los usuarios, el director ejecutivo de la instituci\u00f3n, Alejandro Lascano Parra, dispuso el desplazamiento de brigadas de licencias de conducir a los cantones Isabela en Gal\u00e1pagos y Caluma en Bol\u00edvar, la semana del\u00a0<strong>3 al 7 de febrero de 2025.<\/strong><\/p>\n<p>En\u00a0<strong>Isla Isabela<\/strong>\u00a0la brigada para emisi\u00f3n de licencias profesionales y no profesionales por primera vez, renovaci\u00f3n y duplicados se realizar\u00e1 del\u00a0<strong>lunes 3 al viernes 7 de febrero<\/strong>, en la Sala de Sesiones del Consejo de Gobierno de Isabela, ubicada en la V\u00eda al aeropuerto, en horario de\u00a0<strong>08h00 a 17h00 locales (13h00 a 22h00 GMT)<\/strong><\/p>\n<p>La brigada del cant\u00f3n Caluma se efectuar\u00e1 en la Casa de los Artesanos de Caluma, situada en la Av. H\u00e9roes del Cenepa y Roberto Arregui, el<strong>\u00a05 de febrero de 08h00 a 18h00<\/strong> <strong>locales (13h00 a 23h00 GMT) y el 6 de febrero de 08h00 a 14h00 locales (13h00 a 19h00 GMT)<\/strong>.<\/p>\n<p>Para ser atendidos, los usuarios deben portar todos los requisitos, entre ellos:<\/p>\n<ul>\n<li>el original de la papeleta de votaci\u00f3n vigente<\/li>\n<li>comprobante de pago y<\/li>\n<li>certificado de estudios si es licencia por primera vez.<\/li>\n<li>Consulte los detalles en el siguiente enlace:\u00a0<a href=\"https:\/\/www.ant.gob.ec\/licencias-de-conducir\/\">https:\/\/www.ant.gob.ec\/licencias-de-conducir\/<\/a><\/li>\n<\/ul>\n<p>Hacemos un llamado a nuestros usuarios para que asistan a las brigadas y obtengan su documento habilitante de conducir directamente en la entidad.<\/p>\n","protected":false},"excerpt":{"rendered":"<p>Quito. \u2013\u00a0Como parte de la pol\u00edtica de la Agencia Nacional de Tr\u00e1nsito (ANT) de mejorar los servicios y generar cercan\u00eda a los usuarios, el director ejecutivo de la instituci\u00f3n, Alejandro Lascano Parra, dispuso el desplazamiento de brigadas de licencias de conducir a los cantones Isabela en Gal\u00e1pagos y Caluma en Bol\u00edvar, la semana del\u00a03 al [&hellip;]<\/p>\n","protected":false},"author":2,"featured_media":23710,"comment_status":"open","ping_status":"closed","sticky":false,"template":"","format":"standard","meta":{"_jetpack_memberships_contains_paid_content":false,"footnotes":""},"categories":[13],"tags":[1160],"class_list":["post-23709","post","type-post","status-publish","format-standard","has-post-thumbnail","hentry","category-noticias-nacionales","tag-agencia-nacional-de-transito"],"jetpack_featured_media_url":"https:\/\/radiocresatelital.com\/wp-content\/uploads\/2025\/01\/Foto_Boletin_006_30_Enero.jpeg","jetpack_sharing_enabled":true,"_links":{"self":[{"href":"https:\/\/radiocresatelital.com\/index.php?rest_route=\/wp\/v2\/posts\/23709","targetHints":{"allow":["GET"]}}],"collection":[{"href":"https:\/\/radiocresatelital.com\/index.php?rest_route=\/wp\/v2\/posts"}],"about":[{"href":"https:\/\/radiocresatelital.com\/index.php?rest_route=\/wp\/v2\/types\/post"}],"author":[{"embeddable":true,"href":"https:\/\/radiocresatelital.com\/index.php?rest_route=\/wp\/v2\/users\/2"}],"replies":[{"embeddable":true,"href":"https:\/\/radiocresatelital.com\/index.php?rest_route=%2Fwp%2Fv2%2Fcomments&post=23709"}],"version-history":[{"count":1,"href":"https:\/\/radiocresatelital.com\/index.php?rest_route=\/wp\/v2\/posts\/23709\/revisions"}],"predecessor-version":[{"id":23711,"href":"https:\/\/radiocresatelital.com\/index.php?rest_route=\/wp\/v2\/posts\/23709\/revisions\/23711"}],"wp:featuredmedia":[{"embeddable":true,"href":"https:\/\/radiocresatelital.com\/index.php?rest_route=\/wp\/v2\/media\/23710"}],"wp:attachment":[{"href":"https:\/\/radiocresatelital.com\/index.php?rest_route=%2Fwp%2Fv2%2Fmedia&parent=23709"}],"wp:term":[{"taxonomy":"category","embeddable":true,"href":"https:\/\/radiocresatelital.com\/index.php?rest_route=%2Fwp%2Fv2%2Fcategories&post=23709"},{"taxonomy":"post_tag","embeddable":true,"href":"https:\/\/radiocresatelital.com\/index.php?rest_route=%2Fwp%2Fv2%2Ftags&post=23709"}],"curies":[{"name":"wp","href":"https:\/\/api.w.org\/{rel}","templated":true}]}}