{"id":23703,"date":"2025-01-30T21:25:24","date_gmt":"2025-01-30T21:25:24","guid":{"rendered":"https:\/\/radiocresatelital.com\/?p=23703"},"modified":"2025-01-30T21:25:24","modified_gmt":"2025-01-30T21:25:24","slug":"mies-llega-con-ayuda-social-a-personas-vulnerables-y-grupos-prioritarios-de-la-parroquia-de-calderon","status":"publish","type":"post","link":"https:\/\/radiocresatelital.com\/?p=23703","title":{"rendered":"MIES llega con ayuda social a personas vulnerables y grupos prioritarios de  la parroquia de Calder\u00f3n"},"content":{"rendered":"<p>Quito.- La ministra de Inclusi\u00f3n Econ\u00f3mica y Social, Zaida Rovira Jurado, lider\u00f3 la entrega que hizo la ma\u00f1ana de este jueves 30 de enero, el Ministerio de Inclusi\u00f3n Econ\u00f3mica y Social (MIES) de 171 sillas de ruedas y alrededor de 2.000 donaciones con kits de ropa, calzado, insumos de aseo, entre otros art\u00edculos, a personas vulnerables y familias en situaci\u00f3n de pobreza y pobreza extrema de la parroquia Calder\u00f3n y sectores aleda\u00f1os del norte de Quito.<\/p>\n<p>Durante esta actividad, la ministra Rovira se\u00f1al\u00f3 que desde el primer d\u00eda de gesti\u00f3n, el MIES llega permanentemente con ayuda social a familias vulnerables y personas que pertenecen a grupos de atenci\u00f3n prioritaria. \u201cNunca m\u00e1s, las donaciones se van a quedar abandonadas en alguna bodega del MIES y de ninguna instituci\u00f3n. La disposici\u00f3n de este Gobierno es que todo se devuelva a los ciudadanos, especialmente a quienes m\u00e1s lo necesitan\u201d, manifest\u00f3.<\/p>\n<p>Asimismo, indic\u00f3 que gracias al aporte de la empresa privada, se est\u00e1n entregando alrededor de 2 mil sillas de ruedas a escala nacional y reiter\u00f3 el compromiso de seguir trabajando todos los d\u00edas e incansablemente por atender y mejorar la calidad de vida de las personas m\u00e1s vulnerables.<\/p>\n<p>Los kits son armados con las donaciones que hace la empresa privada y mercader\u00eda incautada por el<br \/>\nServicio Nacional de Aduana del Ecuador y que, peri\u00f3dicamente, se entrega a esta cartera de Estado,<br \/>\ncomo parte del acuerdo institucional que mantienen ambas entidades.<\/p>\n<p>Usuarios de los servicios para personas con discapacidad del MIES y beneficiarios del Bono Joaqu\u00edn<br \/>\nGallegos Lara, destinado a personas con discapacidad severa que requieren del cuidado de otra persona,<br \/>\nfueron los beneficiarios de las sillas de ruedas; mientras que familias en situaci\u00f3n de pobreza y pobreza<br \/>\nextrema recibieron los kits.<\/p>\n<p>Cabe indicar que, actualmente, en el Distrito Metropolitano de Quito, el MIES atiende a m\u00e1s de 25 mil<br \/>\nni\u00f1as, ni\u00f1os, adolescentes, personas con discapacidad y personas adultas mayores con sus servicios de<br \/>\ninclusi\u00f3n social.<\/p>\n","protected":false},"excerpt":{"rendered":"<p>Quito.- La ministra de Inclusi\u00f3n Econ\u00f3mica y Social, Zaida Rovira Jurado, lider\u00f3 la entrega que hizo la ma\u00f1ana de este jueves 30 de enero, el Ministerio de Inclusi\u00f3n Econ\u00f3mica y Social (MIES) de 171 sillas de ruedas y alrededor de 2.000 donaciones con kits de ropa, calzado, insumos de aseo, entre otros art\u00edculos, a personas [&hellip;]<\/p>\n","protected":false},"author":2,"featured_media":23704,"comment_status":"open","ping_status":"closed","sticky":false,"template":"","format":"standard","meta":{"_jetpack_memberships_contains_paid_content":false,"footnotes":""},"categories":[13],"tags":[1949],"class_list":["post-23703","post","type-post","status-publish","format-standard","has-post-thumbnail","hentry","category-noticias-nacionales","tag-ministra-de-inclusion-economica-y-social"],"jetpack_featured_media_url":"https:\/\/radiocresatelital.com\/wp-content\/uploads\/2025\/01\/5.jpeg","jetpack_sharing_enabled":true,"_links":{"self":[{"href":"https:\/\/radiocresatelital.com\/index.php?rest_route=\/wp\/v2\/posts\/23703","targetHints":{"allow":["GET"]}}],"collection":[{"href":"https:\/\/radiocresatelital.com\/index.php?rest_route=\/wp\/v2\/posts"}],"about":[{"href":"https:\/\/radiocresatelital.com\/index.php?rest_route=\/wp\/v2\/types\/post"}],"author":[{"embeddable":true,"href":"https:\/\/radiocresatelital.com\/index.php?rest_route=\/wp\/v2\/users\/2"}],"replies":[{"embeddable":true,"href":"https:\/\/radiocresatelital.com\/index.php?rest_route=%2Fwp%2Fv2%2Fcomments&post=23703"}],"version-history":[{"count":1,"href":"https:\/\/radiocresatelital.com\/index.php?rest_route=\/wp\/v2\/posts\/23703\/revisions"}],"predecessor-version":[{"id":23705,"href":"https:\/\/radiocresatelital.com\/index.php?rest_route=\/wp\/v2\/posts\/23703\/revisions\/23705"}],"wp:featuredmedia":[{"embeddable":true,"href":"https:\/\/radiocresatelital.com\/index.php?rest_route=\/wp\/v2\/media\/23704"}],"wp:attachment":[{"href":"https:\/\/radiocresatelital.com\/index.php?rest_route=%2Fwp%2Fv2%2Fmedia&parent=23703"}],"wp:term":[{"taxonomy":"category","embeddable":true,"href":"https:\/\/radiocresatelital.com\/index.php?rest_route=%2Fwp%2Fv2%2Fcategories&post=23703"},{"taxonomy":"post_tag","embeddable":true,"href":"https:\/\/radiocresatelital.com\/index.php?rest_route=%2Fwp%2Fv2%2Ftags&post=23703"}],"curies":[{"name":"wp","href":"https:\/\/api.w.org\/{rel}","templated":true}]}}