{"id":23646,"date":"2025-01-29T19:41:22","date_gmt":"2025-01-29T19:41:22","guid":{"rendered":"https:\/\/radiocresatelital.com\/?p=23646"},"modified":"2025-01-29T21:44:16","modified_gmt":"2025-01-29T21:44:16","slug":"volkswagen-celebra-50-anos-del-icono-polo-el-compacto-que-marco-generaciones","status":"publish","type":"post","link":"https:\/\/radiocresatelital.com\/?p=23646","title":{"rendered":"Volkswagen celebra 50 a\u00f1os del \u00edcono polo, el compacto que marc\u00f3 generaciones"},"content":{"rendered":"<p>Quito.- Este a\u00f1o, Volkswagen conmemora el 50\u00ba aniversario del Polo, un veh\u00edculo que desde su lanzamiento en 1975 ha redefinido el segmento de los compactos gracias a su dise\u00f1o innovador, tecnolog\u00eda avanzada y compromiso con la movilidad accesible. Con m\u00e1s de 20 millones de unidades vendidas en seis generaciones, el Polo se erige como un s\u00edmbolo de versatilidad y modernidad.<\/p>\n<p>A lo largo de cinco d\u00e9cadas, el Polo ha evolucionado constantemente para adaptarse a las necesidades de sus conductores. En 1981, con la segunda generaci\u00f3n, ofreci\u00f3 m\u00e1s espacio, mayor confort y motores mejorados. En 1987, el Polo Coup\u00e9 GT G40 introdujo un revolucionario sobrealimentador tipo scroll, mientras que, en 1994, el Polo III marc\u00f3 un hito en seguridad al incorporar airbags en su segmento. La cuarta generaci\u00f3n (2002) a\u00f1adi\u00f3 innovaciones como airbags laterales, direcci\u00f3n asistida y frenos ABS de serie. En 2009, el Polo V avanz\u00f3 hacia la digitalizaci\u00f3n con sistemas de infoentretenimiento y asistencia, y destac\u00f3 en competencias automovil\u00edsticas con el Polo R WRC. Desde 2017, la sexta generaci\u00f3n, basada en la plataforma MQB, ha priorizado la conectividad, seguridad y conducci\u00f3n din\u00e1mica, con una actualizaci\u00f3n en 2021 que integr\u00f3 tecnolog\u00edas propias de veh\u00edculos de gamas superiores.<\/p>\n<p>Desde sus inicios, el VW Polo ha combinado accesibilidad con innovaci\u00f3n, convirti\u00e9ndose en un aliado confiable para todo tipo de estilos de vida: desde el primer auto para nuevos conductores hasta un modelo ideal para familias. Su agilidad, eficiencia y enfoque en la seguridad lo han consolidado como una elecci\u00f3n favorita entre millones de personas.<\/p>\n<p>\u201cEl Volkswagen Polo demuestra que un veh\u00edculo compacto puede dejar una huella significativa. Estos 50 a\u00f1os reflejan nuestra visi\u00f3n de unir tecnolog\u00eda, accesibilidad y dise\u00f1o atemporal\u201d, destac\u00f3 Vanessa Prados, Gerente de Mercadeo de Volkswagen Ecuador.<\/p>\n<p>El impacto del Polo no se limita a la movilidad diaria; tambi\u00e9n ha demostrado su capacidad en el automovilismo. En 2024, el Volkswagen Polo GTI R5 junto al Quirola Racing Team se consagr\u00f3 como ganador de la Vuelta a la Rep\u00fablica del Ecuador, reafirmando su desempe\u00f1o en los terrenos m\u00e1s exigentes y consolid\u00e1ndose como un referente de alto rendimiento.<\/p>\n<p>A medida que avanza la industria, el Polo contin\u00faa liderando en su categor\u00eda, adapt\u00e1ndose a las nuevas demandas de los consumidores y a los retos del sector automotriz. En Ecuador y en todo el mundo, sigue siendo un emblema para Volkswagen, portando consigo una rica historia llena de innovaci\u00f3n y logros.<\/p>\n<p>Miles de recuerdos y emociones han acompa\u00f1ado al Polo en estos 50 a\u00f1os, convirti\u00e9ndolo en un modelo ic\u00f3nico que trasciende generaciones. Por ello, el 2025 se dedica a celebrar la historia y el legado de este legendario compacto de Volkswagen.<\/p>\n","protected":false},"excerpt":{"rendered":"<p>Quito.- Este a\u00f1o, Volkswagen conmemora el 50\u00ba aniversario del Polo, un veh\u00edculo que desde su lanzamiento en 1975 ha redefinido el segmento de los compactos gracias a su dise\u00f1o innovador, tecnolog\u00eda avanzada y compromiso con la movilidad accesible. Con m\u00e1s de 20 millones de unidades vendidas en seis generaciones, el Polo se erige como un [&hellip;]<\/p>\n","protected":false},"author":2,"featured_media":23647,"comment_status":"open","ping_status":"closed","sticky":false,"template":"","format":"standard","meta":{"_jetpack_memberships_contains_paid_content":false,"footnotes":""},"categories":[2725],"tags":[2514],"class_list":["post-23646","post","type-post","status-publish","format-standard","has-post-thumbnail","hentry","category-automotriz","tag-volkswagen"],"jetpack_featured_media_url":"https:\/\/radiocresatelital.com\/wp-content\/uploads\/2025\/01\/DB01_5984_large-scaled.jpg","jetpack_sharing_enabled":true,"_links":{"self":[{"href":"https:\/\/radiocresatelital.com\/index.php?rest_route=\/wp\/v2\/posts\/23646","targetHints":{"allow":["GET"]}}],"collection":[{"href":"https:\/\/radiocresatelital.com\/index.php?rest_route=\/wp\/v2\/posts"}],"about":[{"href":"https:\/\/radiocresatelital.com\/index.php?rest_route=\/wp\/v2\/types\/post"}],"author":[{"embeddable":true,"href":"https:\/\/radiocresatelital.com\/index.php?rest_route=\/wp\/v2\/users\/2"}],"replies":[{"embeddable":true,"href":"https:\/\/radiocresatelital.com\/index.php?rest_route=%2Fwp%2Fv2%2Fcomments&post=23646"}],"version-history":[{"count":1,"href":"https:\/\/radiocresatelital.com\/index.php?rest_route=\/wp\/v2\/posts\/23646\/revisions"}],"predecessor-version":[{"id":23648,"href":"https:\/\/radiocresatelital.com\/index.php?rest_route=\/wp\/v2\/posts\/23646\/revisions\/23648"}],"wp:featuredmedia":[{"embeddable":true,"href":"https:\/\/radiocresatelital.com\/index.php?rest_route=\/wp\/v2\/media\/23647"}],"wp:attachment":[{"href":"https:\/\/radiocresatelital.com\/index.php?rest_route=%2Fwp%2Fv2%2Fmedia&parent=23646"}],"wp:term":[{"taxonomy":"category","embeddable":true,"href":"https:\/\/radiocresatelital.com\/index.php?rest_route=%2Fwp%2Fv2%2Fcategories&post=23646"},{"taxonomy":"post_tag","embeddable":true,"href":"https:\/\/radiocresatelital.com\/index.php?rest_route=%2Fwp%2Fv2%2Ftags&post=23646"}],"curies":[{"name":"wp","href":"https:\/\/api.w.org\/{rel}","templated":true}]}}