{"id":23632,"date":"2025-01-29T19:15:25","date_gmt":"2025-01-29T19:15:25","guid":{"rendered":"https:\/\/radiocresatelital.com\/?p=23632"},"modified":"2025-01-29T21:17:52","modified_gmt":"2025-01-29T21:17:52","slug":"vehiculos-foton-cuentan-con-el-respaldo-posventa-en-la-red-de-talleres-de-automotores-y-anexos-s-a","status":"publish","type":"post","link":"https:\/\/radiocresatelital.com\/?p=23632","title":{"rendered":"Veh\u00edculos Foton cuentan con el respaldo posventa en la red de talleres de Automotores y Anexos S.A"},"content":{"rendered":"<p>Quito. \u2013 Automotores y Anexos S.A., representante oficial de marcas l\u00edderes como Renault, Nissan, Baic y Foton, contin\u00faa fortaleciendo su compromiso con la calidad y el respaldo a sus clientes. Ahora, toda la gama de camionetas Foton, que incluye Tunland G7 y G9 en todas sus versiones tienen acceso a la red de talleres posventa y mantenimiento de las marcas respaldadas por la compa\u00f1\u00eda.<\/p>\n<p>Con puntos de atenci\u00f3n distribuidos estrat\u00e9gicamente en todo el Ecuador, los propietarios de pick ups Foton pueden disfrutar de servicios especializados que garantizan diagn\u00f3sticos precisos y soluciones efectivas, de la mano de herramientas altamente tecnol\u00f3gicas. Esto asegura un mantenimiento preventivo y correctivo que optimiza el rendimiento y prolonga la vida \u00fatil de los automotores.<\/p>\n<p>Los talleres de Automotores y Anexos est\u00e1n ubicados en provincias clave como Guayas, Azuay, Ca\u00f1ar, Chimborazo, El Oro, Imbabura, Loja, Manab\u00ed, Morona Santiago, Pichincha y Tungurahua. Esta red nacional asegura que cada cliente pueda encontrar un punto de servicio cercano, sin importar su ubicaci\u00f3n.<\/p>\n<p>El equipo profesional que conforma cada uno de estos puntos de servicio, recibe formaci\u00f3n continua en los procesos t\u00e9cnicos por parte de sus marcas, asegurando una atenci\u00f3n eficiente, confiable y personalizada.<\/p>\n<p>Con esta iniciativa, Automotores y Anexos S.A. demuestra su compromiso con la seguridad y satisfacci\u00f3n sus clientes y due\u00f1os de camionetas Foton &#8211; Tunland, brind\u00e1ndoles un respaldo t\u00e9cnico integral para sus necesidades de transporte, trabajo y movilidad.<\/p>\n","protected":false},"excerpt":{"rendered":"<p>Quito. \u2013 Automotores y Anexos S.A., representante oficial de marcas l\u00edderes como Renault, Nissan, Baic y Foton, contin\u00faa fortaleciendo su compromiso con la calidad y el respaldo a sus clientes. Ahora, toda la gama de camionetas Foton, que incluye Tunland G7 y G9 en todas sus versiones tienen acceso a la red de talleres posventa [&hellip;]<\/p>\n","protected":false},"author":2,"featured_media":23633,"comment_status":"open","ping_status":"closed","sticky":false,"template":"","format":"standard","meta":{"_jetpack_memberships_contains_paid_content":false,"footnotes":""},"categories":[2725],"tags":[3716],"class_list":["post-23632","post","type-post","status-publish","format-standard","has-post-thumbnail","hentry","category-automotriz","tag-automotores-y-anexos-s-a"],"jetpack_featured_media_url":"https:\/\/radiocresatelital.com\/wp-content\/uploads\/2025\/01\/WhatsApp-Image-2025-01-29-at-11.56.58.jpeg","jetpack_sharing_enabled":true,"_links":{"self":[{"href":"https:\/\/radiocresatelital.com\/index.php?rest_route=\/wp\/v2\/posts\/23632","targetHints":{"allow":["GET"]}}],"collection":[{"href":"https:\/\/radiocresatelital.com\/index.php?rest_route=\/wp\/v2\/posts"}],"about":[{"href":"https:\/\/radiocresatelital.com\/index.php?rest_route=\/wp\/v2\/types\/post"}],"author":[{"embeddable":true,"href":"https:\/\/radiocresatelital.com\/index.php?rest_route=\/wp\/v2\/users\/2"}],"replies":[{"embeddable":true,"href":"https:\/\/radiocresatelital.com\/index.php?rest_route=%2Fwp%2Fv2%2Fcomments&post=23632"}],"version-history":[{"count":1,"href":"https:\/\/radiocresatelital.com\/index.php?rest_route=\/wp\/v2\/posts\/23632\/revisions"}],"predecessor-version":[{"id":23634,"href":"https:\/\/radiocresatelital.com\/index.php?rest_route=\/wp\/v2\/posts\/23632\/revisions\/23634"}],"wp:featuredmedia":[{"embeddable":true,"href":"https:\/\/radiocresatelital.com\/index.php?rest_route=\/wp\/v2\/media\/23633"}],"wp:attachment":[{"href":"https:\/\/radiocresatelital.com\/index.php?rest_route=%2Fwp%2Fv2%2Fmedia&parent=23632"}],"wp:term":[{"taxonomy":"category","embeddable":true,"href":"https:\/\/radiocresatelital.com\/index.php?rest_route=%2Fwp%2Fv2%2Fcategories&post=23632"},{"taxonomy":"post_tag","embeddable":true,"href":"https:\/\/radiocresatelital.com\/index.php?rest_route=%2Fwp%2Fv2%2Ftags&post=23632"}],"curies":[{"name":"wp","href":"https:\/\/api.w.org\/{rel}","templated":true}]}}