{"id":23562,"date":"2025-01-28T18:12:14","date_gmt":"2025-01-28T18:12:14","guid":{"rendered":"https:\/\/radiocresatelital.com\/?p=23562"},"modified":"2025-01-28T18:12:14","modified_gmt":"2025-01-28T18:12:14","slug":"alcaldia-de-guayaquil-refuerza-la-proteccion-de-datos-personales-de-sus-ciudadanos","status":"publish","type":"post","link":"https:\/\/radiocresatelital.com\/?p=23562","title":{"rendered":"Alcald\u00eda de Guayaquil refuerza la protecci\u00f3n de datos personales de sus ciudadanos"},"content":{"rendered":"<p>Guayaquil.- Millones de personas ingresan sus datos personales en p\u00e1ginas web, formularios, redes sociales e instituciones de todo el mundo cada d\u00eda, y muchos desconocen que esa acci\u00f3n est\u00e1 protegida. En conmemoraci\u00f3n del D\u00eda Internacional de la Protecci\u00f3n de Datos Personales, el 28 de enero, el Municipio de Guayaquil reafirma su compromiso con la seguridad y confidencialidad de la informaci\u00f3n de sus ciudadanos.<\/p>\n<p>El 28 de enero se conmemora la firma del Convenio 108 del Consejo de Europa en 1981, que estableci\u00f3 las bases para la legislaci\u00f3n mundial en protecci\u00f3n de datos. Hasta hoy, 55 pa\u00edses han suscrito esta convenci\u00f3n, incluyendo tres sudamericanos.<\/p>\n<p>El Municipio de Guayaquil celebra la adhesi\u00f3n a la normativa internacional y nacional de protecci\u00f3n de datos personales, cumpliendo con la Ley Org\u00e1nica de Protecci\u00f3n de Datos Personales. La administraci\u00f3n municipal ha registrado al abogado Juan Cabezas Mart\u00ednez como su delegado de Protecci\u00f3n de Datos<br \/>\nPersonales ante la Superintendencia correspondiente.<\/p>\n<p>Para garantizar la seguridad de la informaci\u00f3n personal, la Alcald\u00eda implementa medidas humanas, tecnol\u00f3gicas y protocolos que aseguren la protecci\u00f3n de la informaci\u00f3n en los ficheros municipales, como fichas m\u00e9dicas, datos de contribuyentes, empleados municipales y datos crediticios.<\/p>\n<p>La Alcald\u00eda ha formado el Comit\u00e9 de Seguridad de la Informaci\u00f3n para proteger integralmente la informaci\u00f3n a cargo de la entidad municipal. Entre los desaf\u00edos se incluyen la obtenci\u00f3n de certificaciones internacionales como ISO 27001 para la seguridad de la informaci\u00f3n e ISO 27701 para la seguridad de la privacidad.<\/p>\n<p>La Alcald\u00eda de Guayaquil se esfuerza por garantizar que los datos entregados durante tr\u00e1mites sean manejados de forma responsable y acorde a los est\u00e1ndares de seguridad. La Protecci\u00f3n de Datos Personales es un puntal para convertir a Guayaquil en una Ciudad de Todos.<\/p>\n","protected":false},"excerpt":{"rendered":"<p>Guayaquil.- Millones de personas ingresan sus datos personales en p\u00e1ginas web, formularios, redes sociales e instituciones de todo el mundo cada d\u00eda, y muchos desconocen que esa acci\u00f3n est\u00e1 protegida. En conmemoraci\u00f3n del D\u00eda Internacional de la Protecci\u00f3n de Datos Personales, el 28 de enero, el Municipio de Guayaquil reafirma su compromiso con la seguridad [&hellip;]<\/p>\n","protected":false},"author":2,"featured_media":23563,"comment_status":"open","ping_status":"closed","sticky":false,"template":"","format":"standard","meta":{"_jetpack_memberships_contains_paid_content":false,"footnotes":""},"categories":[13],"tags":[3704],"class_list":["post-23562","post","type-post","status-publish","format-standard","has-post-thumbnail","hentry","category-noticias-nacionales","tag-dia-internacional-de-la-proteccion-de-datos-personales"],"jetpack_featured_media_url":"https:\/\/radiocresatelital.com\/wp-content\/uploads\/2025\/01\/alcaldia-guayaquil-refuerza-proteccion-datos-personales-ciudadanos2.jpg","jetpack_sharing_enabled":true,"_links":{"self":[{"href":"https:\/\/radiocresatelital.com\/index.php?rest_route=\/wp\/v2\/posts\/23562","targetHints":{"allow":["GET"]}}],"collection":[{"href":"https:\/\/radiocresatelital.com\/index.php?rest_route=\/wp\/v2\/posts"}],"about":[{"href":"https:\/\/radiocresatelital.com\/index.php?rest_route=\/wp\/v2\/types\/post"}],"author":[{"embeddable":true,"href":"https:\/\/radiocresatelital.com\/index.php?rest_route=\/wp\/v2\/users\/2"}],"replies":[{"embeddable":true,"href":"https:\/\/radiocresatelital.com\/index.php?rest_route=%2Fwp%2Fv2%2Fcomments&post=23562"}],"version-history":[{"count":1,"href":"https:\/\/radiocresatelital.com\/index.php?rest_route=\/wp\/v2\/posts\/23562\/revisions"}],"predecessor-version":[{"id":23564,"href":"https:\/\/radiocresatelital.com\/index.php?rest_route=\/wp\/v2\/posts\/23562\/revisions\/23564"}],"wp:featuredmedia":[{"embeddable":true,"href":"https:\/\/radiocresatelital.com\/index.php?rest_route=\/wp\/v2\/media\/23563"}],"wp:attachment":[{"href":"https:\/\/radiocresatelital.com\/index.php?rest_route=%2Fwp%2Fv2%2Fmedia&parent=23562"}],"wp:term":[{"taxonomy":"category","embeddable":true,"href":"https:\/\/radiocresatelital.com\/index.php?rest_route=%2Fwp%2Fv2%2Fcategories&post=23562"},{"taxonomy":"post_tag","embeddable":true,"href":"https:\/\/radiocresatelital.com\/index.php?rest_route=%2Fwp%2Fv2%2Ftags&post=23562"}],"curies":[{"name":"wp","href":"https:\/\/api.w.org\/{rel}","templated":true}]}}