{"id":23421,"date":"2025-01-23T21:22:08","date_gmt":"2025-01-23T21:22:08","guid":{"rendered":"https:\/\/radiocresatelital.com\/?p=23421"},"modified":"2025-01-23T21:22:08","modified_gmt":"2025-01-23T21:22:08","slug":"el-puente-lodana-en-el-canton-santa-ana-sera-una-realidad-despues-de-ocho-anos-de-olvido-de-la-vieja-politica","status":"publish","type":"post","link":"https:\/\/radiocresatelital.com\/?p=23421","title":{"rendered":"El puente Lodana en el cant\u00f3n Santa Ana ser\u00e1 una realidad despu\u00e9s de ocho a\u00f1os de olvido de la vieja pol\u00edtica"},"content":{"rendered":"<p>Santa Ana. \u2013 Tras ocho a\u00f1os de abandono, 47.639 habitantes del cant\u00f3n Santa Ana se movilizar\u00e1n con seguridad hacia Portoviejo y Honorato V\u00e1squez, en Manab\u00ed, con el nuevo puente Lodana. Este 23 de enero de 2025, el Ministerio de Transporte y Obras P\u00fablicas (MTOP) firm\u00f3 el contrato de la adjudicaci\u00f3n de la obra que fue gestionada en coordinaci\u00f3n con el Comit\u00e9 para la Reconstrucci\u00f3n de Manab\u00ed y Esmeraldas.<\/p>\n<p>El presidente Daniel Noboa visit\u00f3 la parroquia Lodana, donde recorri\u00f3 la zona que ser\u00e1 intervenida y particip\u00f3 en la explicaci\u00f3n t\u00e9cnica del proyecto. Durante su intervenci\u00f3n, destac\u00f3 que, desde el invierno de 2017, esta parte de la red vial ha enfrentado graves afectaciones, dejando a los habitantes del cant\u00f3n Santa Ana con problemas de movilidad que nunca fueron atendidos por la \u00abvieja pol\u00edtica\u00bb.<\/p>\n<p>\u201cMientras ustedes necesitaban respuestas, lo \u00fanico que recibieron fue olvido, y tuvieron<br \/>\nque esperar a que pasen varios gobiernos para recibir atenci\u00f3n a sus necesidades.<\/p>\n<p>Nosotros que trabajamos con honradez y empat\u00eda sab\u00edamos lo mucho que este puente les hac\u00eda falta. Por eso dijimos \u00a1Ya basta! y decidimos actuar\u201d, se\u00f1al\u00f3.<\/p>\n<p>El MTOP inform\u00f3 que el proyecto, adjudicado al Consorcio Lodana, tiene un plazo de ejecuci\u00f3n de 270 d\u00edas y contar\u00e1 con una inversi\u00f3n de USD 7,4 millones. La obra incluye un puente de 35 metros de longitud, dos carriles en cada puente y un kil\u00f3metro de accesos para garantizar la conexi\u00f3n vial.<\/p>\n<p>El puente Lodana simboliza progreso para Santa Ana porque contar\u00e1 con materiales de alta calidad para garantizar seguridad y funcionalidad: \u201cLas y los manabitas lo merecen y eso es lo que ofrecemos: obras duraderas, eficientes y libres de sobreprecios\u201d, se\u00f1al\u00f3 el jefe de Estado.<\/p>\n<p>El ministro Roberto Luque mencion\u00f3 que, durante una reuni\u00f3n con alcaldes y prefectura cuyo prop\u00f3sito fue abordar los problemas de inundaciones en Chone, se solicit\u00f3 la construcci\u00f3n del puente Lodana que hoy es una realidad: \u201cHoy el puente se adjudic\u00f3 a un consorcio en un proceso transparente y limpio. Eso no debe ser novedad, pero en el tema de reconstrucci\u00f3n s\u00ed lo es. Esto es una muestra que cuando se administra bien los recursos, el dinero alcanza\u201d.<\/p>\n<p>Adicional, inform\u00f3 que los procesos y saldos pendientes por el tema de reconstrucci\u00f3n y otras obras se analizaron y destrabaron el a\u00f1o pasado para poder ejecutar obras como estas tanto en Manab\u00ed como en Esmeraldas.<\/p>\n<p>Mar\u00eda Isabel Loor, comerciante de Santa Ana, dijo que el proyecto del puente Lodana es un sue\u00f1o que han esperado durante muchos a\u00f1os: \u201cEsta es una obra que nos enorgullece por eso agradecemos al gobierno y al Presidente\u201d.<\/p>\n<p>Ante ello, el presidente Noboa reafirm\u00f3 su compromiso con la gente que m\u00e1s lo necesita, con la ejecuci\u00f3n de obras y acciones tangibles. Adem\u00e1s, recalc\u00f3 el trabajo coordinado no solo a nivel del gobierno central, sino con los gobiernos y autoridades locales. \u201cEso necesita el Ecuador y la gente de Manab\u00ed, un gobierno central que los visite y se preocupe por sus necesidades\u201d, concluy\u00f3.<\/p>\n","protected":false},"excerpt":{"rendered":"<p>Santa Ana. \u2013 Tras ocho a\u00f1os de abandono, 47.639 habitantes del cant\u00f3n Santa Ana se movilizar\u00e1n con seguridad hacia Portoviejo y Honorato V\u00e1squez, en Manab\u00ed, con el nuevo puente Lodana. Este 23 de enero de 2025, el Ministerio de Transporte y Obras P\u00fablicas (MTOP) firm\u00f3 el contrato de la adjudicaci\u00f3n de la obra que fue [&hellip;]<\/p>\n","protected":false},"author":2,"featured_media":23422,"comment_status":"open","ping_status":"closed","sticky":false,"template":"","format":"standard","meta":{"_jetpack_memberships_contains_paid_content":false,"footnotes":""},"categories":[13],"tags":[3681,274],"class_list":["post-23421","post","type-post","status-publish","format-standard","has-post-thumbnail","hentry","category-noticias-nacionales","tag-canton-santa-ana","tag-ministerio-de-transporte-y-obras-publicas"],"jetpack_featured_media_url":"https:\/\/radiocresatelital.com\/wp-content\/uploads\/2025\/01\/54283604188_03df62fc88_c.jpg","jetpack_sharing_enabled":true,"_links":{"self":[{"href":"https:\/\/radiocresatelital.com\/index.php?rest_route=\/wp\/v2\/posts\/23421","targetHints":{"allow":["GET"]}}],"collection":[{"href":"https:\/\/radiocresatelital.com\/index.php?rest_route=\/wp\/v2\/posts"}],"about":[{"href":"https:\/\/radiocresatelital.com\/index.php?rest_route=\/wp\/v2\/types\/post"}],"author":[{"embeddable":true,"href":"https:\/\/radiocresatelital.com\/index.php?rest_route=\/wp\/v2\/users\/2"}],"replies":[{"embeddable":true,"href":"https:\/\/radiocresatelital.com\/index.php?rest_route=%2Fwp%2Fv2%2Fcomments&post=23421"}],"version-history":[{"count":1,"href":"https:\/\/radiocresatelital.com\/index.php?rest_route=\/wp\/v2\/posts\/23421\/revisions"}],"predecessor-version":[{"id":23423,"href":"https:\/\/radiocresatelital.com\/index.php?rest_route=\/wp\/v2\/posts\/23421\/revisions\/23423"}],"wp:featuredmedia":[{"embeddable":true,"href":"https:\/\/radiocresatelital.com\/index.php?rest_route=\/wp\/v2\/media\/23422"}],"wp:attachment":[{"href":"https:\/\/radiocresatelital.com\/index.php?rest_route=%2Fwp%2Fv2%2Fmedia&parent=23421"}],"wp:term":[{"taxonomy":"category","embeddable":true,"href":"https:\/\/radiocresatelital.com\/index.php?rest_route=%2Fwp%2Fv2%2Fcategories&post=23421"},{"taxonomy":"post_tag","embeddable":true,"href":"https:\/\/radiocresatelital.com\/index.php?rest_route=%2Fwp%2Fv2%2Ftags&post=23421"}],"curies":[{"name":"wp","href":"https:\/\/api.w.org\/{rel}","templated":true}]}}