{"id":23418,"date":"2025-01-23T21:16:09","date_gmt":"2025-01-23T21:16:09","guid":{"rendered":"https:\/\/radiocresatelital.com\/?p=23418"},"modified":"2025-01-23T21:16:09","modified_gmt":"2025-01-23T21:16:09","slug":"msp-realiza-lanzamiento-de-la-ii-fase-de-la-campana-de-vacunacion-contra-la-influenza-en-ibarra","status":"publish","type":"post","link":"https:\/\/radiocresatelital.com\/?p=23418","title":{"rendered":"MSP realiza lanzamiento de la II Fase de la Campa\u00f1a de Vacunaci\u00f3n contra la Influenza en Ibarra"},"content":{"rendered":"<div class=\"row\">\n<section id=\"postcontent\" class=\"col-md-9 col-sm-6 line-right\">Ibarra.-\u00a0Con la participaci\u00f3n de comit\u00e9s locales de salud y ciudadan\u00eda en general, en la ciudad de Ibarra, se realiz\u00f3 el lanzamiento de la II Fase de la Campa\u00f1a de Vacunaci\u00f3n contra la Influenza. Al evento asistieron autoridades nacionales y locales.<\/p>\n<p>Johana Mej\u00eda, coordinadora Zonal 1 \u2013 Salud, dio la bienvenida a los asistentes, a quienes invit\u00f3 a \u201cformar parte de esta campa\u00f1a, la cual se mantendr\u00e1 activa en diferentes puntos de vacunaci\u00f3n. Adem\u00e1s, se realizar\u00e1n visitas domiciliarias para que todos puedan acceder a nuestros servicios\u201d, manifest\u00f3 la Autoridad Zonal.<\/p>\n<p>Durante el evento se inform\u00f3 que la influenza es una infecci\u00f3n v\u00edrica que afecta principalmente a la nariz, la garganta, los bronquios y, ocasionalmente, los pulmones. Por ello, Teresa Aumala, subsecretaria de Vigilancia, Prevenci\u00f3n y Control de Salud, invit\u00f3 a la ciudadan\u00eda \u201ca que acudan a todos nuestros centros de salud a vacunarse, pues la Estrategia Nacional de Inmunizaciones cubre el 100% los servicios a la poblaci\u00f3n, a trav\u00e9s de la atenci\u00f3n en los diferentes niveles del Sistema Nacional de Salud\u201d, mencion\u00f3 la funcionaria de Planta Central.<\/p>\n<p>Finalmente, Juan Sebasti\u00e1n Echeverr\u00eda, gobernador de la provincia de Imbabura, puso a disposici\u00f3n los servicios que oferta el Ministerio de Salud P\u00fablica a toda la comunidad, quienes puerta a puerta \u201cvisitar\u00e1n sus domicilios para vacunarlos\u201d, precis\u00f3.<\/p>\n<p>La campa\u00f1a de vacunaci\u00f3n de influenza temporada 2024-2025 est\u00e1 vigente hasta el pr\u00f3ximo 28 febrero de 2025. Se aplica una dosis de la vacuna a la poblaci\u00f3n meta. Los ni\u00f1os de 6 a 11 meses recibir\u00e1n dos dosis, con un intervalo de un mes. La inversi\u00f3n fue de USD 769 mil para las cuatro provincias, con una adquisici\u00f3n de 470 mil dosis.<\/p>\n<p>A nivel de la Zona 1 de Salud, que comprenden las provincias de Imbabura, Esmeraldas, Carchi y Sucumb\u00edos, se proyecta vacunar a 365.781 personas, a nivel zonal y en la provincia a una de 111.824 personas.<\/p>\n<\/section>\n<\/div>\n","protected":false},"excerpt":{"rendered":"<p>Ibarra.-\u00a0Con la participaci\u00f3n de comit\u00e9s locales de salud y ciudadan\u00eda en general, en la ciudad de Ibarra, se realiz\u00f3 el lanzamiento de la II Fase de la Campa\u00f1a de Vacunaci\u00f3n contra la Influenza. Al evento asistieron autoridades nacionales y locales. Johana Mej\u00eda, coordinadora Zonal 1 \u2013 Salud, dio la bienvenida a los asistentes, a quienes [&hellip;]<\/p>\n","protected":false},"author":2,"featured_media":23419,"comment_status":"open","ping_status":"closed","sticky":false,"template":"","format":"standard","meta":{"_jetpack_memberships_contains_paid_content":false,"footnotes":""},"categories":[13],"tags":[3680,3679],"class_list":["post-23418","post","type-post","status-publish","format-standard","has-post-thumbnail","hentry","category-noticias-nacionales","tag-ibarra","tag-ii-fase-de-la-campana-de-vacunacion"],"jetpack_featured_media_url":"https:\/\/radiocresatelital.com\/wp-content\/uploads\/2025\/01\/Ibarra-1536x1152-1.jpg","jetpack_sharing_enabled":true,"_links":{"self":[{"href":"https:\/\/radiocresatelital.com\/index.php?rest_route=\/wp\/v2\/posts\/23418","targetHints":{"allow":["GET"]}}],"collection":[{"href":"https:\/\/radiocresatelital.com\/index.php?rest_route=\/wp\/v2\/posts"}],"about":[{"href":"https:\/\/radiocresatelital.com\/index.php?rest_route=\/wp\/v2\/types\/post"}],"author":[{"embeddable":true,"href":"https:\/\/radiocresatelital.com\/index.php?rest_route=\/wp\/v2\/users\/2"}],"replies":[{"embeddable":true,"href":"https:\/\/radiocresatelital.com\/index.php?rest_route=%2Fwp%2Fv2%2Fcomments&post=23418"}],"version-history":[{"count":1,"href":"https:\/\/radiocresatelital.com\/index.php?rest_route=\/wp\/v2\/posts\/23418\/revisions"}],"predecessor-version":[{"id":23420,"href":"https:\/\/radiocresatelital.com\/index.php?rest_route=\/wp\/v2\/posts\/23418\/revisions\/23420"}],"wp:featuredmedia":[{"embeddable":true,"href":"https:\/\/radiocresatelital.com\/index.php?rest_route=\/wp\/v2\/media\/23419"}],"wp:attachment":[{"href":"https:\/\/radiocresatelital.com\/index.php?rest_route=%2Fwp%2Fv2%2Fmedia&parent=23418"}],"wp:term":[{"taxonomy":"category","embeddable":true,"href":"https:\/\/radiocresatelital.com\/index.php?rest_route=%2Fwp%2Fv2%2Fcategories&post=23418"},{"taxonomy":"post_tag","embeddable":true,"href":"https:\/\/radiocresatelital.com\/index.php?rest_route=%2Fwp%2Fv2%2Ftags&post=23418"}],"curies":[{"name":"wp","href":"https:\/\/api.w.org\/{rel}","templated":true}]}}